{"id":1230505,"date":"2021-07-02T18:57:13","date_gmt":"2021-07-02T23:57:13","guid":{"rendered":"https:\/\/www.acapulco.press\/?p=1230505"},"modified":"2021-07-02T18:57:13","modified_gmt":"2021-07-02T23:57:13","slug":"por-llegar-vacunas-covid-para-regiones-centro-montana-y-tierra-caliente","status":"publish","type":"post","link":"https:\/\/www.acapulcopress.com\/index.php\/2021\/07\/02\/por-llegar-vacunas-covid-para-regiones-centro-montana-y-tierra-caliente\/","title":{"rendered":"Por llegar, vacunas Covid para regiones Centro, Monta\u00f1a y Tierra Caliente"},"content":{"rendered":"<p>CHILPANCINGO. * 2 de julio de 2021.<br \/>\n<em>) Delegaci\u00f3n Federal del Bienestar.<\/em><\/p>\n<p style=\"text-align: justify;\">La delegaci\u00f3n federal de la Secretar\u00eda del Bienestar inform\u00f3 a los habitantes de las regiones Centro, Monta\u00f1a y Tierra Caliente, donde se llevar\u00eda a cabo la primera dosis de vacunaci\u00f3n contra el Covid19 a personas del rango 40 a 49 a\u00f1os, que se est\u00e1 en espera de recibir las vacunas correspondientes a esas \u00e1reas del Estado.<\/p>\n<p style=\"text-align: justify;\">\u00abNo obstante, estamos preparando la log\u00edstica de este proceso\u00bb y \u00aben la medida de la disponibilidad de las dosis emitiremos la convocatoria que corresponda a cada municipio, as\u00ed como las sedes, d\u00edas y horarios\u00bb, detall\u00f3 el delegado Iv\u00e1n Hern\u00e1ndez D\u00edaz a trav\u00e9s de un comunicado difundido en redes sociales, por lo que invit\u00f3 a la poblaci\u00f3n, en general, a estar atentos a la informaci\u00f3n oficial ofrecida exclusivamente en los canales oficiales de informaci\u00f3n relacionada con el programa federal de vacunaci\u00f3n antiCovid.<\/p>\n<p>* <strong>P\u00e1gina Oficial del Delegado Federal en Guerrero<\/strong><br \/>\n<em>] Facebook |\u00a0 <a href=\"https:\/\/www.facebook.com\/Iv%C3%A1n-Hern%C3%A1ndez-D%C3%ADaz-100109035146827\" target=\"_blank\" rel=\"noopener\">Iv\u00e1n Hern\u00e1ndez D\u00edaz<\/a><\/em><\/p>\n<p>* <strong>Registro para el Programa de Vacunaci\u00f3n contra el Covid19<\/strong><br \/>\n] <a href=\"https:\/\/mivacuna.salud.gob.mx\/index.php\" target=\"_blank\" rel=\"noopener\">https:\/\/mivacuna.salud.gob.mx\/index.php<\/a><\/p>\n<p><strong>* Informaci\u00f3n detallada de la aplicaci\u00f3n de las vacunas<\/strong><br \/>\n<em>] <a href=\"https:\/\/mivacuna.salud.gob.mx\/index.php\" target=\"_blank\" rel=\"noopener\">https:\/\/mivacuna.salud.gob.mx\/index.php<\/a><\/em><\/p>\n","protected":false},"excerpt":{"rendered":"<p>CHILPANCINGO. * 2 de julio de 2021. ) Delegaci\u00f3n Federal del Bienestar. La delegaci\u00f3n federal de la Secretar\u00eda del Bienestar inform\u00f3 a los habitantes de las regiones Centro, Monta\u00f1a y Tierra Caliente, donde se llevar\u00eda a cabo la primera dosis de vacunaci\u00f3n contra el Covid19 a personas del rango 40 a 49 a\u00f1os, que se&#8230;<\/p>\n","protected":false},"author":2,"featured_media":1230506,"comment_status":"closed","ping_status":"closed","sticky":false,"template":"","format":"standard","meta":{"footnotes":""},"categories":[1969,1989],"tags":[6705,10498,10958],"class_list":["post-1230505","post","type-post","status-publish","format-standard","has-post-thumbnail","hentry","category-trending","category-noticias-generales","tag-covid19","tag-ivan-hernandez-diaz","tag-jornada-nacional-de-vacunacion-contra-el-covid19"],"_links":{"self":[{"href":"https:\/\/www.acapulcopress.com\/index.php\/wp-json\/wp\/v2\/posts\/1230505","targetHints":{"allow":["GET"]}}],"collection":[{"href":"https:\/\/www.acapulcopress.com\/index.php\/wp-json\/wp\/v2\/posts"}],"about":[{"href":"https:\/\/www.acapulcopress.com\/index.php\/wp-json\/wp\/v2\/types\/post"}],"author":[{"embeddable":true,"href":"https:\/\/www.acapulcopress.com\/index.php\/wp-json\/wp\/v2\/users\/2"}],"replies":[{"embeddable":true,"href":"https:\/\/www.acapulcopress.com\/index.php\/wp-json\/wp\/v2\/comments?post=1230505"}],"version-history":[{"count":0,"href":"https:\/\/www.acapulcopress.com\/index.php\/wp-json\/wp\/v2\/posts\/1230505\/revisions"}],"wp:featuredmedia":[{"embeddable":true,"href":"https:\/\/www.acapulcopress.com\/index.php\/wp-json\/"}],"wp:attachment":[{"href":"https:\/\/www.acapulcopress.com\/index.php\/wp-json\/wp\/v2\/media?parent=1230505"}],"wp:term":[{"taxonomy":"category","embeddable":true,"href":"https:\/\/www.acapulcopress.com\/index.php\/wp-json\/wp\/v2\/categories?post=1230505"},{"taxonomy":"post_tag","embeddable":true,"href":"https:\/\/www.acapulcopress.com\/index.php\/wp-json\/wp\/v2\/tags?post=1230505"}],"curies":[{"name":"wp","href":"https:\/\/api.w.org\/{rel}","templated":true}]}}