{"id":1230519,"date":"2021-07-02T20:16:23","date_gmt":"2021-07-03T01:16:23","guid":{"rendered":"https:\/\/www.acapulco.press\/?p=1230519"},"modified":"2021-07-02T20:16:23","modified_gmt":"2021-07-03T01:16:23","slug":"el-y-los-suyos-ya-salieron-de-pobres-tu-que-lo-has-defendido-3-anos-cuando","status":"publish","type":"post","link":"https:\/\/www.acapulcopress.com\/index.php\/2021\/07\/02\/el-y-los-suyos-ya-salieron-de-pobres-tu-que-lo-has-defendido-3-anos-cuando\/","title":{"rendered":"\u00c9l y los suyos ya salieron de pobres; t\u00fa, que lo has defendido 3 a\u00f1os, \u00bfcu\u00e1ndo?"},"content":{"rendered":"<p style=\"text-align: justify;\"><em>* Cualquier parecido con la ardorosa realidad, es realidad<\/em><br \/>\n<em>* Andr\u00e9s Manuel L\u00f3pez Obrador, \u00abel presidente de los pobres que vive como rico\u00bb<\/em><\/p>\n<p style=\"text-align: justify;\">Jiribilla Coste\u00f1a<br \/>\n] <strong>El Brujo Chiripero<\/strong><br \/>\n<em>Acapulco.press<\/em><\/p>\n<p style=\"text-align: justify;\"><strong>\u00bfPrimero los pobres?<\/strong><\/p>\n<p style=\"text-align: justify;\">Seis de cada diez v\u00edctimas mortales de Covid en M\u00e9xico fueron pobres, sin protecci\u00f3n social, con empleos mal pagados o no remunerados o bien sin trabajo.<\/p>\n<p style=\"text-align: justify;\">La desigualdad econ\u00f3mica, la precariedad de m\u00e1s de la mitad de la poblaci\u00f3n y la limitada estrategia del gobierno de M\u00e9xico ha sido la f\u00f3rmula perfecta para que la mayor\u00eda de muertes se registre en el grupo de personas pobres y marginadas, dice<em> El Financiero<\/em> en su art\u00edculo \u00abLos m\u00e1s pobres, los m\u00e1s afectados por el gobierno de AMLO, de fecha 14 de junio del presente a\u00f1o.<\/p>\n<p style=\"text-align: justify;\">A\u00f1ade: \u00abLas acciones implementadas por la administraci\u00f3n de AMLO son similares a pa\u00edses latinoamericanos m\u00e1s pobres como Hait\u00ed, Honduras y Ecuador, seg\u00fan est\u00e1ndares internacionales\u00bb.<\/p>\n<p style=\"text-align: justify;\">\u00abLa crisis no solo ha causado m\u00e1s defunciones entre los pobres, sino tambi\u00e9n ha generado m\u00e1s pobres\u00bb.<\/p>\n<p style=\"text-align: justify;\">\u00abAntes de la pandemia, 48.8 por ciento de la poblaci\u00f3n, 61.1 millones de personas, se ubicaba por debajo de la l\u00ednea de pobreza por ingresos; y 16.821 millones por debajo de la l\u00ednea de pobreza extrema, seg\u00fan el Consejo Nacional de Evaluaci\u00f3n de la Pol\u00edtica de Desarrollo Social (Coneval)\u00bb.<\/p>\n<p style=\"text-align: justify;\">\u00abLos organismos que miden los efectos de la pol\u00edtica social en el pa\u00eds han estimado que 11 millones de personas se han sumado a la poblaci\u00f3n pobre y marginada y este aumento tan solo ha sido en la administraci\u00f3n del presidente L\u00f3pez Obrador\u00bb.<\/p>\n<p>\u00abAlgunas cifras que erizan la piel en torno a la pobreza y la marginaci\u00f3n en M\u00e9xico: 72 millones de personas, m\u00e1s de la mitad de la poblaci\u00f3n, tienen dificultades para adquirir la canasta b\u00e1sica\u00bb.<\/p>\n<p style=\"text-align: justify;\">\u00abEl gobierno dej\u00f3 a su suerte a los pobres, a pesar de los programas pol\u00edtico-asistenciales\u00bb.<\/p>\n<p style=\"text-align: justify;\">\u00abLas personas m\u00e1s pobres corren m\u00e1s peligro de morir por Covid-19, debido a sus condiciones de precariedad, como baja escolaridad, mala alimentaci\u00f3n, una historia de salud fr\u00e1gil, limitado a servicios p\u00fablicos y una d\u00e9bil econom\u00eda familiar, entre otros factores. En este entorno, se va el tambi\u00e9n llamado \u2018doctor muerte\u2019 de las conferencias vespertinas y con ello termina la manipulaci\u00f3n de cifras en torno a la pandemia y a la informaci\u00f3n sesgada\u00bb, culmina la nota informativa.<br \/>\n<em><strong>]<\/strong> <a href=\"https:\/\/www.elfinanciero.com.mx\/opinion\/alejo-sanchez-cano\/2021\/06\/14\/los-mas-pobres-los-mas-afectados-por-el-gobierno-de-amlo\/\" target=\"_blank\" rel=\"noopener\">https:\/\/www.elfinanciero.com.mx\/opinion\/alejo-sanchez-cano\/2021\/06\/14\/los-mas-pobres-los-mas-afectados-por-el-gobierno-de-amlo\/<\/a><\/em><\/p>\n<p style=\"text-align: justify;\"><em>The New York Times<\/em> va m\u00e1s directo en el art\u00edculo de Viri Ramos intitulado \u00abLa obsesiva austeridad de L\u00f3pez Obrador perjudica m\u00e1s a los pobres\u00bb, con fecha 14 de abril de 2020.<\/p>\n<p style=\"text-align: justify;\">Textualmente, dice:<\/p>\n<p style=\"text-align: justify;\">El plan econ\u00f3mico de M\u00e9xico para afrontar la COVID-19 es ortodoxo y austero. Otras naciones latinoamericanas han respondido a la emergencia sanitaria dando salarios de emergencia a trabajadores informales, han aumentado en niveles hist\u00f3ricos su gasto p\u00fablico o eliminaron el pago de servicios como electricidad y agua. No en M\u00e9xico.<\/p>\n<p style=\"text-align: justify;\">El pa\u00eds dar\u00e1 batalla a la pandemia con medidas que habr\u00edan hecho feliz al Fondo Monetario Internacional de los noventa: redujo los salarios de los trabajadores del Estado y los oblig\u00f3 a devolver su bono navide\u00f1o, recort\u00f3 el presupuesto p\u00fablico de varias secretar\u00edas y a las peque\u00f1as empresas solo les extendi\u00f3 cr\u00e9ditos. El gasto p\u00fablico se increment\u00f3 en solo 0,7 puntos del PIB.<br \/>\nPara enfrentar esta crisis compleja, parece que el \u00fanico as bajo la manga del presidente de M\u00e9xico, Andr\u00e9s Manuel L\u00f3pez Obrador, es continuar con los programas sociales de siempre.<\/p>\n<p style=\"text-align: justify;\">Pero esta pol\u00edtica es equivocada y mediocre. Equivocada porque los programas no atienden a los nuevos desempleados pobres e informales que surgir\u00e1n como consecuencia de la COVID-19. Y mediocre porque parece asumir que en crisis anteriores el Estado se ha endeudado sin beneficiar a los pobres y que aumentar la deuda hoy ser\u00eda igual de inefectivo.<\/p>\n<p style=\"text-align: justify;\">La obstinaci\u00f3n de L\u00f3pez Obrador con la austeridad no es nueva. A lo largo de su carrera ha interpretado \u2014como se deja ver en algunos de sus libros\u2014 que aumentar la deuda del Estado significa otorgar apoyos a la industria y, por tanto, favorece solo a las grandes empresas y a los ricos a costa del endeudamiento futuro de la poblaci\u00f3n mexicana. Tambi\u00e9n se empe\u00f1a en creer que los programas sociales que inaugur\u00f3 al inicio de su mandato ya cubren las necesidades de los m\u00e1s pobres y que no es necesario aumentar el gasto p\u00fablico. No es todo: L\u00f3pez Obrador ha interpretado que la deuda p\u00fablica conduce a la p\u00e9rdida de soberan\u00eda, que mientras m\u00e1s tenedores de bonos p\u00fablicos existan, m\u00e1s tendr\u00e1 que rendir cuentas a inversionistas y bancos extranjeros.<\/p>\n<p style=\"text-align: justify;\">Si bien L\u00f3pez Obrador tiene raz\u00f3n en que la adquisici\u00f3n de deuda reduce su poder soberano, no la tiene en asumir que toda deuda se traduce inmediatamente en apoyos a los ricos. M\u00e9xico tiene una larga historia de vergonzosos rescates a multimillonarios pero eso no significa que el pa\u00eds siempre tenga que usar su deuda de la misma forma.<\/p>\n<p style=\"text-align: justify;\">L\u00f3pez Obrador ve en la austeridad una medida <em>propobre<\/em> y <em>protrabajador<\/em>: en su l\u00f3gica, los pobres ya est\u00e1n siendo protegidos por programas sociales y el resto de la poblaci\u00f3n tiene dinero suficiente para salir adelante. Por eso, en el contexto de la COVID-19, la ayuda de su gobierno se ha limitado a dar un mill\u00f3n de cr\u00e9ditos de aproximadamente mil d\u00f3lares a las empresas peque\u00f1as y a solicitar a los empresarios que contin\u00faen pagando el salario \u00edntegro de todos sus trabajadores.<\/p>\n<p style=\"text-align: justify;\">La interpretaci\u00f3n del presidente mexicano no solo es incorrecta, sino tambi\u00e9n es perjudicial. Sobre todo porque la econom\u00eda mexicana ha sufrido una contracci\u00f3n desde el a\u00f1o pasado.<\/p>\n<p style=\"text-align: justify;\">El costo para los m\u00e1s pobres ser\u00e1 enorme: los programas sociales de AMLO no cubren a todos. En M\u00e9xico, hay 22 millones de beneficiarios de estos programas y 52 millones de pobres. Por lo tanto, ante la COVID-19, no existir\u00e1n ayudas para un 57 por ciento de las personas que viven en pobreza. Y un mill\u00f3n de mexicanos tendr\u00e1n por \u00fanico apoyo un microcr\u00e9dito que deber\u00e1n pagar con el tiempo (se les dar\u00e1n mil d\u00f3lares con tasas de inter\u00e9s bajas y se les pedir\u00e1 que paguen en cuatro meses).<br \/>\n<em><strong>]<\/strong> <a href=\"https:\/\/www.nytimes.com\/es\/2020\/04\/14\/espanol\/opinion\/coronavirus-plan-economico-mexico-amlo.html\" target=\"_blank\" rel=\"noopener\">https:\/\/www.nytimes.com\/es\/2020\/04\/14\/espanol\/opinion\/coronavirus-plan-economico-mexico-amlo.html<\/a><\/em><\/p>\n<p style=\"text-align: justify;\"><strong>PRESIDENTE DE POBRES, VIDA DE RICOS<\/strong><\/p>\n<p style=\"text-align: justify;\">En \u00abLos hijos del Presidente\u00bb, el articulista Mario Maldonado escribi\u00f3 para <em>El Universal:<\/em><\/p>\n<p style=\"text-align: justify;\">Dentro del discurso de austeridad, en el que los gobernantes deben vivir en la \u201cjusta median\u00eda\u201d, sin lujos ni privilegios, y en la evidente operaci\u00f3n electoral que ha emprendido el presidente Andr\u00e9s Manuel L\u00f3pez Obrador, no existe lugar para el \u201cfamiliar inc\u00f3modo\u201d, pero esto parecen no entenderlo algunos integrantes de la familia del Presidente, como su hijo Jos\u00e9 Ram\u00f3n Beltr\u00e1n, quien exhibe en redes sociales su vida que se contrapone al discurso de \u201cprimero los pobres\u201d que predica su padre.<\/p>\n<p style=\"text-align: justify;\">Para evitar situaciones que enturbien el discurso de austeridad y anticorrupci\u00f3n, el Presidente decidi\u00f3 enviar a sus tres hijos mayores fuera del pa\u00eds, una estrategia que, sin embargo, ha resultado fallida.<br \/>\nJos\u00e9 Ram\u00f3n, Andr\u00e9s Manuel y Gonzalo Alfonso L\u00f3pez Beltr\u00e1n se convirtieron desde hace tiempo en un lastre para los objetivos de su padre, por la ambici\u00f3n que mostraron en sus labores pol\u00edticas en la CDMX y en el Estado de M\u00e9xico, por sus relaciones con el sector empresarial y por los excesos mostrados en sus vidas privadas.<\/p>\n<p style=\"text-align: justify;\">El m\u00e1s grande de los hermanos, Jos\u00e9 Ram\u00f3n L\u00f3pez Beltr\u00e1n, llamado en principio a ser en alg\u00fan momento gobernador del Edomex, fue el primero en caer en el exilio, luego de que iniciara una relaci\u00f3n sentimental con Carolyn Adams, una ejecutiva brasile\u00f1a encargada de cabildear contratos en el sector energ\u00e9tico para Cava Energy y antes para British Petroleum.<\/p>\n<p style=\"text-align: justify;\">Son muchos los relatos y se\u00f1ales que demuestran la molestia que genera en L\u00f3pez Obrador la pareja de su primog\u00e9nito \u2014y madre de su \u00fanico nieto\u2014, por los conflictos de inter\u00e9s que le representa su trabajo de cabildera y por la lujosa vida que demuestra en sus redes sociales al lado de su hijo Jos\u00e9 Ram\u00f3n, con residencia en Houston, Texas.<\/p>\n<p style=\"text-align: justify;\">Apenas este fin de semana circularon fotograf\u00edas de la pareja disfrutando de unas vacaciones de Semana Santa en Aspen, Colorado, un destino considerado de s\u00faper lujo y, por supuesto, alejado de la austeridad que predica la Cuarta Transformaci\u00f3n. Las im\u00e1genes, extra\u00eddas de una cuenta privada de Adams, despertaron la furia de Palacio Nacional, seg\u00fan fuentes cercanas a la familia presidencial.<\/p>\n<p style=\"text-align: justify;\">Por su parte, Andr\u00e9s Manuel L\u00f3pez Beltr\u00e1n, el m\u00e1s pol\u00edtico de los hermanos, se resiste a dejar el pa\u00eds. Las fuentes aseguran que recibi\u00f3 la indicaci\u00f3n para viajar, al igual que sus hermanos a otras latitudes, pero su inter\u00e9s por gobernar m\u00e1s adelante la Ciudad de M\u00e9xico y por mantener en la actualidad el control de la pol\u00edtica capitalina, lo llevaron a ignorar la indicaci\u00f3n.<\/p>\n<p style=\"text-align: justify;\">M\u00e1s all\u00e1 de los lujos, los proyectos del segundo hijo del mandatario son los m\u00e1s ambiciosos, al grado de que \u2014como lo comentamos en su momento en este espacio\u2014 construye desde el gobierno de su padre una superestructura de funcionarios j\u00f3venes que reportan primero en su escritorio, y despu\u00e9s en el del titular del Ejecutivo.<\/p>\n<p style=\"text-align: justify;\">En esa superestructura se encuentran, entre muchos otros, Carlos Torres Rosas, secretario T\u00e9cnico del Gabinete; Daniel Asaf Manjarrez, coordinador de la Ayudant\u00eda de Presidencia, y Antonio Mart\u00ednez Dagnino, administrador General de Grandes Contribuyentes en el SAT, que encabeza Raquel Buenrostro.<\/p>\n<p style=\"text-align: justify;\">Por el contrario, el m\u00e1s peque\u00f1o de los L\u00f3pez Beltr\u00e1n, Gonzalo Alfonso, acat\u00f3 sin rebeld\u00eda las indicaciones de su padre. Siguiendo su afici\u00f3n al beisbol \u2014convertido ahora por L\u00f3pez Obrador pr\u00e1cticamente en deporte nacional\u2014 se fue a trabajar en la estructura del equipo de Los Gigantes de San Francisco, muy probablemente para regresar m\u00e1s adelante a potenciar el proyecto de las cl\u00ednicas deportivas impulsadas por la 4T.<\/p>\n<p style=\"text-align: justify;\">Si bien Gonzalo Alfonso no hab\u00eda tenido contacto con las grandes ligas de este deporte, s\u00ed se le hab\u00eda visto involucrado con grandes empresarios aficionados al mismo. Tambi\u00e9n en este espacio, a mediados de 2019, dimos a conocer una fotograf\u00eda en la que el hijo del presidente compart\u00eda el palco de honor del estadio regiomontano de los Sultanes, con los empresarios Alfonso Romo, Carlos Bremer y Carlos Slim.<\/p>\n<p style=\"text-align: justify;\">Los hijos del Presidente, quienes supuestamente se alejar\u00edan de la pol\u00edtica y el gobierno durante el sexenio, no hicieron lo uno ni lo otro, y adem\u00e1s est\u00e1n boicoteando, con su estilo de vida, el discurso pol\u00edtico de su padre.<\/p>\n<p style=\"text-align: justify;\">] <a href=\"https:\/\/www.eluniversal.com.mx\/opinion\/mario-maldonado\/los-hijos-del-presidente\" target=\"_blank\" rel=\"noopener\">https:\/\/www.eluniversal.com.mx\/opinion\/mario-maldonado\/los-hijos-del-presidente<\/a><\/p>\n<p style=\"text-align: justify;\">S\u00ed, estas palabras deben arder para quienes casi idolatran al presidente de los pobres que vive como rico en Palacio Nacional, desde donde preside el &#8216;gobierno trasformador&#8217; bajo el cual sus allegados y sus propios hijos se han hecho millonarios como por arte de magia, mientras m\u00e1s de 70 millones de mexicanos &#8211;incluso los que le apostaron a la Cuarta Transformaci\u00f3n engatusados por la promesa de &#8216;primero los pobres&#8217;&#8211; viven y se hunden cada vez m\u00e1s en la pobreza.<\/p>\n<p style=\"text-align: justify;\"><em>#SinDa\u00f1osATerceros<\/em><\/p>\n","protected":false},"excerpt":{"rendered":"<p>* Cualquier parecido con la ardorosa realidad, es realidad * Andr\u00e9s Manuel L\u00f3pez Obrador, \u00abel presidente de los pobres que vive como rico\u00bb Jiribilla Coste\u00f1a ] El Brujo Chiripero Acapulco.press \u00bfPrimero los pobres? Seis de cada diez v\u00edctimas mortales de Covid en M\u00e9xico fueron pobres, sin protecci\u00f3n social, con empleos mal pagados o no remunerados&#8230;<\/p>\n","protected":false},"author":2,"featured_media":1230514,"comment_status":"closed","ping_status":"closed","sticky":false,"template":"","format":"standard","meta":{"footnotes":""},"categories":[1972,2069,2008,18582],"tags":[3793,3896,14943],"class_list":["post-1230519","post","type-post","status-publish","format-standard","has-post-thumbnail","hentry","category-special","category-a-contraluz","category-editorial","category-tinta-digital","tag-amlo","tag-andres-manuel-lopez-obrador","tag-primero-los-pobres"],"_links":{"self":[{"href":"https:\/\/www.acapulcopress.com\/index.php\/wp-json\/wp\/v2\/posts\/1230519","targetHints":{"allow":["GET"]}}],"collection":[{"href":"https:\/\/www.acapulcopress.com\/index.php\/wp-json\/wp\/v2\/posts"}],"about":[{"href":"https:\/\/www.acapulcopress.com\/index.php\/wp-json\/wp\/v2\/types\/post"}],"author":[{"embeddable":true,"href":"https:\/\/www.acapulcopress.com\/index.php\/wp-json\/wp\/v2\/users\/2"}],"replies":[{"embeddable":true,"href":"https:\/\/www.acapulcopress.com\/index.php\/wp-json\/wp\/v2\/comments?post=1230519"}],"version-history":[{"count":0,"href":"https:\/\/www.acapulcopress.com\/index.php\/wp-json\/wp\/v2\/posts\/1230519\/revisions"}],"wp:featuredmedia":[{"embeddable":true,"href":"https:\/\/www.acapulcopress.com\/index.php\/wp-json\/"}],"wp:attachment":[{"href":"https:\/\/www.acapulcopress.com\/index.php\/wp-json\/wp\/v2\/media?parent=1230519"}],"wp:term":[{"taxonomy":"category","embeddable":true,"href":"https:\/\/www.acapulcopress.com\/index.php\/wp-json\/wp\/v2\/categories?post=1230519"},{"taxonomy":"post_tag","embeddable":true,"href":"https:\/\/www.acapulcopress.com\/index.php\/wp-json\/wp\/v2\/tags?post=1230519"}],"curies":[{"name":"wp","href":"https:\/\/api.w.org\/{rel}","templated":true}]}}