{"id":1230527,"date":"2021-07-02T21:00:27","date_gmt":"2021-07-03T02:00:27","guid":{"rendered":"https:\/\/www.acapulco.press\/?p=1230527"},"modified":"2021-07-02T21:00:27","modified_gmt":"2021-07-03T02:00:27","slug":"instala-congreso-local-paneles-solares-para-generar-energia-propia","status":"publish","type":"post","link":"https:\/\/www.acapulcopress.com\/index.php\/2021\/07\/02\/instala-congreso-local-paneles-solares-para-generar-energia-propia\/","title":{"rendered":"Instala Congreso local paneles solares para generar energ\u00eda propia"},"content":{"rendered":"<p style=\"text-align: justify;\"><img loading=\"lazy\" decoding=\"async\" class=\"alignnone wp-image-1230528 \" src=\"https:\/\/www.acapulco.press\/wp-content\/uploads\/2021\/07\/CONGRESO-PANELES-SOLARES-2.jpeg\" alt=\"\" width=\"803\" height=\"602\" \/><\/p>\n<p style=\"text-align: justify;\">CHILPANCINGO. * 2 de julio de 2021.<br \/>\n<em>) Acapulco.press<\/em><\/p>\n<p style=\"text-align: justify;\"><img loading=\"lazy\" decoding=\"async\" class=\"alignleft size-medium wp-image-1230529\" src=\"https:\/\/www.acapulco.press\/wp-content\/uploads\/2021\/07\/CONGRESO-PANELES-SOLARES-3-375x268.jpeg\" alt=\"\" width=\"375\" height=\"268\" \/>Derivado de las econom\u00edas generadas a partir de la pol\u00edtica de austeridad, el Congreso del Estado est\u00e1 realizando mejoras en distintos espacios del inmueble legislativo, entre ellas la colocaci\u00f3n de paneles solares \u00aben todo el edificio con el objeto de que el Congreso produzca su propia energ\u00eda el\u00e9ctrica, contribuyendo con el medio ambiente y haciendo ahorros econ\u00f3micos considerables\u00bb.<\/p>\n<p style=\"text-align: justify;\">No obstante, la colocaci\u00f3n de los paneles caus\u00f3 da\u00f1os a parte de la impermeabilizaci\u00f3n en la azotea, los cuales ya se reparan tambi\u00e9n.<\/p>\n<p>La renovaci\u00f3n integral de la sede legislativa incluye los sanitarios del edificio principal, contemplando espacios para las personas con alguna discapacidad.<\/p>\n","protected":false},"excerpt":{"rendered":"<p>CHILPANCINGO. * 2 de julio de 2021. ) Acapulco.press Derivado de las econom\u00edas generadas a partir de la pol\u00edtica de austeridad, el Congreso del Estado est\u00e1 realizando mejoras en distintos espacios del inmueble legislativo, entre ellas la colocaci\u00f3n de paneles solares \u00aben todo el edificio con el objeto de que el Congreso produzca su propia&#8230;<\/p>\n","protected":false},"author":2,"featured_media":1230530,"comment_status":"closed","ping_status":"closed","sticky":false,"template":"","format":"standard","meta":{"footnotes":""},"categories":[1969,1989],"tags":[6370,7959],"class_list":["post-1230527","post","type-post","status-publish","format-standard","has-post-thumbnail","hentry","category-trending","category-noticias-generales","tag-congreso-de-guerrero","tag-energia-solar"],"_links":{"self":[{"href":"https:\/\/www.acapulcopress.com\/index.php\/wp-json\/wp\/v2\/posts\/1230527","targetHints":{"allow":["GET"]}}],"collection":[{"href":"https:\/\/www.acapulcopress.com\/index.php\/wp-json\/wp\/v2\/posts"}],"about":[{"href":"https:\/\/www.acapulcopress.com\/index.php\/wp-json\/wp\/v2\/types\/post"}],"author":[{"embeddable":true,"href":"https:\/\/www.acapulcopress.com\/index.php\/wp-json\/wp\/v2\/users\/2"}],"replies":[{"embeddable":true,"href":"https:\/\/www.acapulcopress.com\/index.php\/wp-json\/wp\/v2\/comments?post=1230527"}],"version-history":[{"count":0,"href":"https:\/\/www.acapulcopress.com\/index.php\/wp-json\/wp\/v2\/posts\/1230527\/revisions"}],"wp:featuredmedia":[{"embeddable":true,"href":"https:\/\/www.acapulcopress.com\/index.php\/wp-json\/"}],"wp:attachment":[{"href":"https:\/\/www.acapulcopress.com\/index.php\/wp-json\/wp\/v2\/media?parent=1230527"}],"wp:term":[{"taxonomy":"category","embeddable":true,"href":"https:\/\/www.acapulcopress.com\/index.php\/wp-json\/wp\/v2\/categories?post=1230527"},{"taxonomy":"post_tag","embeddable":true,"href":"https:\/\/www.acapulcopress.com\/index.php\/wp-json\/wp\/v2\/tags?post=1230527"}],"curies":[{"name":"wp","href":"https:\/\/api.w.org\/{rel}","templated":true}]}}