{"id":1230550,"date":"2021-07-02T22:32:23","date_gmt":"2021-07-03T03:32:23","guid":{"rendered":"https:\/\/www.acapulco.press\/?p=1230550"},"modified":"2021-07-02T22:32:23","modified_gmt":"2021-07-03T03:32:23","slug":"mexico-en-un-mundo-de-caos","status":"publish","type":"post","link":"https:\/\/www.acapulcopress.com\/index.php\/2021\/07\/02\/mexico-en-un-mundo-de-caos\/","title":{"rendered":"M\u00e9xico en un mundo de caos"},"content":{"rendered":"<p style=\"text-align: justify;\">\u00bb <strong>Olga Pellicer<\/strong><br \/>\n<em>] <a href=\"https:\/\/www.proceso.com.mx\/opinion\/2021\/7\/2\/mexico-en-un-mundo-de-caos-267066.html\" target=\"_blank\" rel=\"noopener\">Apro<\/a><\/em><\/p>\n<p>Desde hace algunos a\u00f1os la literatura sobre relaciones internacionales comenz\u00f3 a dedicar atenci\u00f3n a los problemas de \u201cun mundo en caos\u201d.<\/p>\n<p style=\"text-align: justify;\">Formaban parte de ese caos el desconocimiento de normas del derecho internacional que se cre\u00edan firmemente establecidas; el debilitamiento de alianzas tradicionales del mundo occidental, entre las que se encontraba, por ejemplo, la OTAN; el retiro de Estados Unidos de diversos organismos especializados de las Naciones Unidas; el surgimiento de China como un poder innegable que extend\u00eda su influencia a trav\u00e9s del mundo; la resistencia en gran n\u00famero de pa\u00edses a adoptar compromisos para enfrentar problemas globales.<\/p>\n<p style=\"text-align: justify;\">Adentrados ya en la tercera d\u00e9cada del siglo XXI, el mencionado caos no retrocede; por el contrario, se profundiza. El motivo principal es la pandemia, cuyos efectos devastadores sobre la salud y la econom\u00eda se mantienen. Las grandes esperanzas depositadas en la vacuna comienzan a esfumarse y surgen, en cambio, el escepticismo y el temor. El proceso de vacunaci\u00f3n ha sido muy irregular; ha tenido \u00e9xito en unos cuantos pa\u00edses ricos, pero la mayor\u00eda se encuentra muy lejos de poder completar la vacunaci\u00f3n de, al menos, 30% de la poblaci\u00f3n y en numerosos pa\u00edses de \u00c1frica y otros continentes todav\u00eda no se aplica la primera vacuna.<\/p>\n<p style=\"text-align: justify;\">Paralelamente, la aparici\u00f3n de nuevas cepas m\u00e1s resistentes y mortales ha despertado la alarma en el mundo entero. Es evidente que semejante amenaza hace muy incierta la recuperaci\u00f3n de la situaci\u00f3n econ\u00f3mica y social que se encuentra tan da\u00f1ada.<\/p>\n<p style=\"text-align: justify;\">En otro orden de cosas, la rivalidad entre China y Estados Unidos por la hegemon\u00eda mundial es el tel\u00f3n de fondo frente al que se desarrollan guerras comerciales, nacionalismos econ\u00f3micos que se cre\u00edan superados, desconfianza entre antiguos aliados e incertidumbre sobre el alcance y significado de adelantos tecnol\u00f3gicos muy valiosos pero de consecuencias impredecibles.<\/p>\n<p style=\"text-align: justify;\">El regreso de Estados Unidos al escenario internacional, bajo el liderazgo del dem\u00f3crata Joe Biden, ha dado un suspiro de alivio despu\u00e9s del cap\u00edtulo tan disfuncional para la cordialidad entre los l\u00edderes mundiales que represent\u00f3 el comportamiento internacional de Donald Trump. La participaci\u00f3n de Biden en la reuni\u00f3n del G7 y, despu\u00e9s, en la reuni\u00f3n de la OTAN fue positiva para la cohesi\u00f3n de los pa\u00edses m\u00e1s industrializados y para la recuperaci\u00f3n del sentido de identidad de los miembros de la alianza atl\u00e1ntica. Dej\u00f3, sin embargo, dos preocupaciones: la primera, el cumplimiento incierto de los compromisos acordados por Biden debido a la estrecha mayor\u00eda que tiene el Partido Dem\u00f3crata en el Congreso y las posibilidades de que la pierda en las elecciones intermedias de 2022.<\/p>\n<p style=\"text-align: justify;\">La segunda es la incorporaci\u00f3n de China en el ideario de la OTAN que por primera vez se refiere a ella como un pa\u00eds \u201ccuya influencia creciente y pol\u00edticas internacionales pueden presentar retos que debemos enfrentar juntos como aliados\u201d. Esta frase despierta el temor a una segunda Guerra Fr\u00eda, cuyas consecuencias ser\u00edan muy negativas para la paz y la estabilidad mundiales.<\/p>\n<p style=\"text-align: justify;\">Desde el punto de vista regional, Am\u00e9rica Latina es uno de los espacios m\u00e1s da\u00f1ados en el mapa de la pol\u00edtica internacional. La regi\u00f3n se encuentra atorada entre el bajo crecimiento econ\u00f3mico, la desigualdad ancestral y la violencia en ascenso. La pandemia profundiz\u00f3 esos males al haber tenido sus efectos m\u00e1s negativos entre los grupos desfavorecidos de la poblaci\u00f3n, entre quienes el \u00edndice de letalidad ha sido muy elevado, y al incrementar las dificultades para recuperar los niveles de empleo que se ten\u00edan antes de la misma.<\/p>\n<p style=\"text-align: justify;\">A los problemas anteriores se suma la polarizaci\u00f3n intensa dentro de sus sociedades, el fracaso de sus instancias de cooperaci\u00f3n y concertaci\u00f3n pol\u00edtica, la mayor\u00eda de las cuales est\u00e1n debilitadas, como la Alianza del Pac\u00edfico; a punto de desaparecer, como la CELAC, o francamente ya inexistentes, como la Unasur.<\/p>\n<p style=\"text-align: justify;\">El desdibujamiento de Am\u00e9rica Latina como regi\u00f3n capaz de expresarse con una sola voz la convierte en un actor irrelevante dentro de las luchas que se den para reconfigurar el orden internacional para mediados del siglo XXI. No est\u00e1n a la vista posibles liderazgos latinoamericanos, causas y objetivos comunes, identidades compartidas o principios a defender.<\/p>\n<p style=\"text-align: justify;\">La posici\u00f3n de M\u00e9xico en esas circunstancias llama la atenci\u00f3n por lo que fue y lo que ya no es. Durante el siglo XX M\u00e9xico desempe\u00f1\u00f3 un papel importante en el desarrollo del orden jur\u00eddico internacional a trav\u00e9s de su notable participaci\u00f3n en los foros jur\u00eddicos de Naciones Unidas. Dej\u00f3 tambi\u00e9n una huella muy honda en los esfuerzos para acotar el peligro siempre presente de las armas nucleares, dado su papel definitorio en la creaci\u00f3n y adopci\u00f3n del Tratado de Tlatelolco, el cual hizo de Am\u00e9rica Latina la primera zona del mundo libre de armas nucleares.<\/p>\n<p style=\"text-align: justify;\">En el \u00e1mbito regional, M\u00e9xico se distingui\u00f3 por haber creado, en los a\u00f1os dif\u00edciles de la Guerra Fr\u00eda, el primer foro de concertaci\u00f3n pol\u00edtica para asuntos de seguridad en Am\u00e9rica Latina: el Grupo Contadora para la pacificaci\u00f3n de Centroam\u00e9rica que antecedi\u00f3 la creaci\u00f3n del Grupo de R\u00edo, la instancia de concertaci\u00f3n pol\u00edtica que, durante muchos a\u00f1os, permiti\u00f3 tener posiciones comunes ante diversos temas de la agenda de la Asamblea General de la ONU.<\/p>\n<p style=\"text-align: justify;\">Algunos a\u00f1os m\u00e1s tarde, en la segunda d\u00e9cada del presente siglo, M\u00e9xico fue el promotor y creador de la Comunidad de Estados Latinoamericanos y Caribe\u00f1os (CELAC), organizaci\u00f3n que preside actualmente sin demasiadas esperanzas de lograr que sobreviva, dada la indiferencia de algunos pa\u00edses que la han abandonado, como Brasil; las carencias de financiamiento y el \u00e1nimo generalizado de indiferencia hacia sus trabajos.<\/p>\n<p style=\"text-align: justify;\">Aquellos a\u00f1os de participaci\u00f3n activa y prestigio en foros multilaterales pertenecen al pasado. El actual gobierno del presidente L\u00f3pez Obrador ha sido congruente con su decisi\u00f3n de no mirar hacia el exterior (con la \u00fanica excepci\u00f3n de la relaci\u00f3n con Estados Unidos, \u00fanico pa\u00eds al que ha viajado) por considerarlo una distracci\u00f3n innecesaria para sus prop\u00f3sitos de transformaci\u00f3n interna.<\/p>\n<p style=\"text-align: justify;\">As\u00ed, M\u00e9xico est\u00e1 en un mundo en caos, sin inter\u00e9s ni posibilidades de contribuir a la b\u00fasqueda de caminos menos inciertos y riesgosos.<\/p>\n","protected":false},"excerpt":{"rendered":"<p>\u00bb Olga Pellicer ] Apro Desde hace algunos a\u00f1os la literatura sobre relaciones internacionales comenz\u00f3 a dedicar atenci\u00f3n a los problemas de \u201cun mundo en caos\u201d. Formaban parte de ese caos el desconocimiento de normas del derecho internacional que se cre\u00edan firmemente establecidas; el debilitamiento de alianzas tradicionales del mundo occidental, entre las que se&#8230;<\/p>\n","protected":false},"author":2,"featured_media":1230551,"comment_status":"closed","ping_status":"closed","sticky":false,"template":"","format":"standard","meta":{"footnotes":""},"categories":[2071,1991],"tags":[3793,10820],"class_list":["post-1230550","post","type-post","status-publish","format-standard","has-post-thumbnail","hentry","category-opinion-analisis-columnas","category-libertad-de-expresion","tag-amlo","tag-joe-biden"],"_links":{"self":[{"href":"https:\/\/www.acapulcopress.com\/index.php\/wp-json\/wp\/v2\/posts\/1230550","targetHints":{"allow":["GET"]}}],"collection":[{"href":"https:\/\/www.acapulcopress.com\/index.php\/wp-json\/wp\/v2\/posts"}],"about":[{"href":"https:\/\/www.acapulcopress.com\/index.php\/wp-json\/wp\/v2\/types\/post"}],"author":[{"embeddable":true,"href":"https:\/\/www.acapulcopress.com\/index.php\/wp-json\/wp\/v2\/users\/2"}],"replies":[{"embeddable":true,"href":"https:\/\/www.acapulcopress.com\/index.php\/wp-json\/wp\/v2\/comments?post=1230550"}],"version-history":[{"count":0,"href":"https:\/\/www.acapulcopress.com\/index.php\/wp-json\/wp\/v2\/posts\/1230550\/revisions"}],"wp:featuredmedia":[{"embeddable":true,"href":"https:\/\/www.acapulcopress.com\/index.php\/wp-json\/"}],"wp:attachment":[{"href":"https:\/\/www.acapulcopress.com\/index.php\/wp-json\/wp\/v2\/media?parent=1230550"}],"wp:term":[{"taxonomy":"category","embeddable":true,"href":"https:\/\/www.acapulcopress.com\/index.php\/wp-json\/wp\/v2\/categories?post=1230550"},{"taxonomy":"post_tag","embeddable":true,"href":"https:\/\/www.acapulcopress.com\/index.php\/wp-json\/wp\/v2\/tags?post=1230550"}],"curies":[{"name":"wp","href":"https:\/\/api.w.org\/{rel}","templated":true}]}}