{"id":1230584,"date":"2021-07-05T19:38:05","date_gmt":"2021-07-06T00:38:05","guid":{"rendered":"https:\/\/www.acapulco.press\/?p=1230584"},"modified":"2021-07-05T19:38:05","modified_gmt":"2021-07-06T00:38:05","slug":"presidente-abandera-delegacion-mexicana-de-juegos-olimpicos-tokio-2020","status":"publish","type":"post","link":"https:\/\/www.acapulcopress.com\/index.php\/2021\/07\/05\/presidente-abandera-delegacion-mexicana-de-juegos-olimpicos-tokio-2020\/","title":{"rendered":"Presidente abandera Delegaci\u00f3n Mexicana de Juegos Ol\u00edmpicos Tokio 2020"},"content":{"rendered":"<p style=\"text-align: justify;\"><img loading=\"lazy\" decoding=\"async\" class=\"alignnone wp-image-1230586 size-large\" src=\"https:\/\/www.acapulco.press\/wp-content\/uploads\/2021\/07\/Delegacion-Mexicana-XXXII-Juegos-Olimpicos2-840x411.jpg\" alt=\"\" width=\"840\" height=\"411\" \/><\/p>\n<p>CIUDAD DE M\u00c9XICO * 5 de julio de 2021.<br \/>\n<em>) Gobierno de M\u00e9xico.<\/em><\/p>\n<p style=\"text-align: justify;\">El presidente Andr\u00e9s Manuel L\u00f3pez Obrador encabez\u00f3 la Ceremonia de Abanderamiento de la delegaci\u00f3n mexicana que participar\u00e1 en los Juegos Ol\u00edmpicos de Tokio.<\/p>\n<p style=\"text-align: justify;\"><img loading=\"lazy\" decoding=\"async\" class=\"alignleft size-medium wp-image-1230587\" src=\"https:\/\/www.acapulco.press\/wp-content\/uploads\/2021\/07\/Delegacion-Mexicana-XXXII-Juegos-Olimpicos3-375x250.jpg\" alt=\"\" width=\"375\" height=\"250\" \/>En el Centro Nacional de Desarrollo de Talentos Deportivos y Alto Rendimiento (CNAR) dijo a las y los 161 deportistas, de los cuales 96 son hombres y 65 mujeres, que \u201cvan a crecerse ante la adversidad, van a salir adelante y vamos a obtener buenos resultados. Van representando a un pueblo con mucha historia y mucha cultura\u201d.<\/p>\n<p style=\"text-align: justify;\">Adelant\u00f3 que al regreso de las competencias se reunir\u00e1 nuevamente con el grupo de atletas, quienes recibir\u00e1n, junto con sus entrenadores, un reconocimiento por el esfuerzo realizado. Las y los ganadores de medallas ser\u00e1n acreedores a premios especiales.<\/p>\n<p style=\"text-align: justify;\">\u201cEso no es lo fundamental. La gran recompensa es representar a M\u00e9xico con mucha dignidad y poder escuchar en el p\u00f3dium nuestro himno nacional con mucho orgullo y poder gritar: \u2018Viva M\u00e9xico\u2019\u201d, expres\u00f3 el jefe del Ejecutivo tras la toma de fotograf\u00eda oficial con atletas, el acto de abanderamiento a dos escoltas y la toma de protesta a la delegaci\u00f3n mexicana ol\u00edmpica.<\/p>\n<p style=\"text-align: justify;\">M\u00e9xico tendr\u00e1 presencia en 81 pruebas y nuevas disciplinas como el s\u00f3ftbol. Por primera vez habr\u00e1 competidoras en box y canotaje slalom; en clavados estar\u00e1 presente en las ocho pruebas.<\/p>\n<p style=\"text-align: justify;\">La directora general de la Comisi\u00f3n Nacional de Cultura F\u00edsica y Deporte (CONADE), Ana Gabriela Guevara Espinoza, destac\u00f3 que las instalaciones del CNAR fueron resguardadas bajo un protocolo de salud que ha permitido a las y los atletas tener las condiciones de seguridad sanitaria para asistir a Tokio.<\/p>\n<p style=\"text-align: justify;\">\u201cEl equipo est\u00e1 preparado. (\u2026) Son 162 deportistas, 81 pruebas en las que vamos a participar. Este equipo representa el tercer m\u00e1s numeroso en la historia de los juegos ol\u00edmpicos\u201d, enfatiz\u00f3.<\/p>\n<p style=\"text-align: justify;\">Acompa\u00f1aron al presidente en el presidium, la jefa de Gobierno, Claudia Sheinbaum Pardo; la secretaria de Educaci\u00f3n P\u00fablica, Delfina G\u00f3mez \u00c1lvarez; el subsecretario de la Defensa Nacional, Andr\u00e9 Georges Foullon Van Lissum; el subsecretario de Marina, Jos\u00e9 Luis Arellano Ruiz; el ex secretario de Hacienda y Cr\u00e9dito P\u00fablico (SHCP) y candidato a gobernador del Banco de M\u00e9xico, Arturo Herrera Guti\u00e9rrez; atleta de la disciplina de gimnasta art\u00edstica, Rut Castillo Galindo; el atleta de la disciplina de Clavados, Kevin Berl\u00edn Reyes; el presidente del Comit\u00e9 Ol\u00edmpico Mexicano (COM), Carlos Padilla Becerra y el embajador de Jap\u00f3n en M\u00e9xico, Yasushi Takase.<\/p>\n","protected":false},"excerpt":{"rendered":"<p>CIUDAD DE M\u00c9XICO * 5 de julio de 2021. ) Gobierno de M\u00e9xico. El presidente Andr\u00e9s Manuel L\u00f3pez Obrador encabez\u00f3 la Ceremonia de Abanderamiento de la delegaci\u00f3n mexicana que participar\u00e1 en los Juegos Ol\u00edmpicos de Tokio. En el Centro Nacional de Desarrollo de Talentos Deportivos y Alto Rendimiento (CNAR) dijo a las y los 161&#8230;<\/p>\n","protected":false},"author":2,"featured_media":1230585,"comment_status":"closed","ping_status":"closed","sticky":false,"template":"","format":"standard","meta":{"footnotes":""},"categories":[1972,1988,18566],"tags":[3896,5559,18193],"class_list":["post-1230584","post","type-post","status-publish","format-standard","has-post-thumbnail","hentry","category-special","category-lifestyles","category-sports-lifestyles","tag-andres-manuel-lopez-obrador","tag-centro-nacional-de-desarrollo-de-talentos-deportivos-y-alto-rendimiento-cnar","tag-xxxii-juegos-olimpicos-tokio-2020"],"_links":{"self":[{"href":"https:\/\/www.acapulcopress.com\/index.php\/wp-json\/wp\/v2\/posts\/1230584","targetHints":{"allow":["GET"]}}],"collection":[{"href":"https:\/\/www.acapulcopress.com\/index.php\/wp-json\/wp\/v2\/posts"}],"about":[{"href":"https:\/\/www.acapulcopress.com\/index.php\/wp-json\/wp\/v2\/types\/post"}],"author":[{"embeddable":true,"href":"https:\/\/www.acapulcopress.com\/index.php\/wp-json\/wp\/v2\/users\/2"}],"replies":[{"embeddable":true,"href":"https:\/\/www.acapulcopress.com\/index.php\/wp-json\/wp\/v2\/comments?post=1230584"}],"version-history":[{"count":0,"href":"https:\/\/www.acapulcopress.com\/index.php\/wp-json\/wp\/v2\/posts\/1230584\/revisions"}],"wp:featuredmedia":[{"embeddable":true,"href":"https:\/\/www.acapulcopress.com\/index.php\/wp-json\/"}],"wp:attachment":[{"href":"https:\/\/www.acapulcopress.com\/index.php\/wp-json\/wp\/v2\/media?parent=1230584"}],"wp:term":[{"taxonomy":"category","embeddable":true,"href":"https:\/\/www.acapulcopress.com\/index.php\/wp-json\/wp\/v2\/categories?post=1230584"},{"taxonomy":"post_tag","embeddable":true,"href":"https:\/\/www.acapulcopress.com\/index.php\/wp-json\/wp\/v2\/tags?post=1230584"}],"curies":[{"name":"wp","href":"https:\/\/api.w.org\/{rel}","templated":true}]}}