{"id":1230595,"date":"2021-07-05T20:38:19","date_gmt":"2021-07-06T01:38:19","guid":{"rendered":"https:\/\/www.acapulco.press\/?p=1230595"},"modified":"2021-07-05T20:38:19","modified_gmt":"2021-07-06T01:38:19","slug":"por-desaparicion-de-persona-captura-fge-a-individuo-de-la-montana","status":"publish","type":"post","link":"https:\/\/www.acapulcopress.com\/index.php\/2021\/07\/05\/por-desaparicion-de-persona-captura-fge-a-individuo-de-la-montana\/","title":{"rendered":"Por desaparici\u00f3n de persona captura FGE a individuo de La Monta\u00f1a"},"content":{"rendered":"<p style=\"text-align: justify;\">CHILPANCINGO * 5 de julio de 2021.<br \/>\n<em>) <a href=\"https:\/\/fiscaliaguerrero.gob.mx\" target=\"_blank\" rel=\"noopener\">https:\/\/fiscaliaguerrero.gob.mx<\/a>,.<\/em><\/p>\n<p style=\"text-align: justify;\">Fiscal\u00eda de Guerrero cumplimenta orden de aprehensi\u00f3n en contra de David \u00abN\u00bb como probable responsable del delito de desaparici\u00f3n de persona en regi\u00f3n Monta\u00f1a.<\/p>\n<p style=\"text-align: justify;\">Chilpancingo, Gro. 5 de julio de 2021.- Agentes investigadores de la Coordinaci\u00f3n Ministerial de la Monta\u00f1a, dieron cumplimiento a la orden de aprehensi\u00f3n en contra de David \u00abN\u00bb como probable responsable del delito de desaparici\u00f3n de persona cometida por particulares.<\/p>\n<p style=\"text-align: justify;\">La detenci\u00f3n se realiz\u00f3 sobre carretera Tlapa-Marquelia, como referencia frente al Mercado Nuevo Horizonte. El detenido es acusado por hechos en carpeta judicial C-110\/2021, como quien en el mes de junio de 2019 personas desconocidas, entre ellas el detenido, entraron con armas de fuego a la comunidad de Tierra Blanca, inglesando a una iglesia para accionar las armas en contra de la integridad de quienes se encontraban en el lugar, llev\u00e1ndose a las v\u00edctimas con rumbo desconocido.<\/p>\n<p style=\"text-align: justify;\">Por lo anterior, David \u00abN\u00bb queda a disposici\u00f3n de la autoridad ministerial para que dentro del t\u00e9rmino legal quede a disposici\u00f3n del Juez de Control.<\/p>\n","protected":false},"excerpt":{"rendered":"<p>CHILPANCINGO * 5 de julio de 2021. ) https:\/\/fiscaliaguerrero.gob.mx,. Fiscal\u00eda de Guerrero cumplimenta orden de aprehensi\u00f3n en contra de David \u00abN\u00bb como probable responsable del delito de desaparici\u00f3n de persona en regi\u00f3n Monta\u00f1a. Chilpancingo, Gro. 5 de julio de 2021.- Agentes investigadores de la Coordinaci\u00f3n Ministerial de la Monta\u00f1a, dieron cumplimiento a la orden de&#8230;<\/p>\n","protected":false},"author":2,"featured_media":1230596,"comment_status":"closed","ping_status":"closed","sticky":false,"template":"","format":"standard","meta":{"footnotes":""},"categories":[1969,2005],"tags":[8703,10946,14737],"class_list":["post-1230595","post","type-post","status-publish","format-standard","has-post-thumbnail","hentry","category-trending","category-seguridad-y-justicia","tag-fiscalia-general-del-estado-de-guerrero-fge","tag-jorge-zuriel-de-los-santos-barrila","tag-policia-ministerial-de-guerrero"],"_links":{"self":[{"href":"https:\/\/www.acapulcopress.com\/index.php\/wp-json\/wp\/v2\/posts\/1230595","targetHints":{"allow":["GET"]}}],"collection":[{"href":"https:\/\/www.acapulcopress.com\/index.php\/wp-json\/wp\/v2\/posts"}],"about":[{"href":"https:\/\/www.acapulcopress.com\/index.php\/wp-json\/wp\/v2\/types\/post"}],"author":[{"embeddable":true,"href":"https:\/\/www.acapulcopress.com\/index.php\/wp-json\/wp\/v2\/users\/2"}],"replies":[{"embeddable":true,"href":"https:\/\/www.acapulcopress.com\/index.php\/wp-json\/wp\/v2\/comments?post=1230595"}],"version-history":[{"count":0,"href":"https:\/\/www.acapulcopress.com\/index.php\/wp-json\/wp\/v2\/posts\/1230595\/revisions"}],"wp:featuredmedia":[{"embeddable":true,"href":"https:\/\/www.acapulcopress.com\/index.php\/wp-json\/"}],"wp:attachment":[{"href":"https:\/\/www.acapulcopress.com\/index.php\/wp-json\/wp\/v2\/media?parent=1230595"}],"wp:term":[{"taxonomy":"category","embeddable":true,"href":"https:\/\/www.acapulcopress.com\/index.php\/wp-json\/wp\/v2\/categories?post=1230595"},{"taxonomy":"post_tag","embeddable":true,"href":"https:\/\/www.acapulcopress.com\/index.php\/wp-json\/wp\/v2\/tags?post=1230595"}],"curies":[{"name":"wp","href":"https:\/\/api.w.org\/{rel}","templated":true}]}}