{"id":1230601,"date":"2021-07-05T21:12:18","date_gmt":"2021-07-06T02:12:18","guid":{"rendered":"https:\/\/www.acapulco.press\/?p=1230601"},"modified":"2021-07-05T21:12:18","modified_gmt":"2021-07-06T02:12:18","slug":"senador-anorve-pide-a-salud-federal-emitir-certificado-de-vacunacion-covid19","status":"publish","type":"post","link":"https:\/\/www.acapulcopress.com\/index.php\/2021\/07\/05\/senador-anorve-pide-a-salud-federal-emitir-certificado-de-vacunacion-covid19\/","title":{"rendered":"Senador A\u00f1orve pide a Salud federal emitir Certificado de Vacunaci\u00f3n Covid19"},"content":{"rendered":"<p style=\"text-align: justify;\">CIUDAD DE M\u00c9XICO * 5 de julio de 2021.<br \/>\n<em>) Especial.<\/em><br \/>\nEl Senador de la Rep\u00fablica Manuel A\u00f1orve Ba\u00f1os solicit\u00f3 a la Secretar\u00eda de Salud federal que otorgue certificados de vacunaci\u00f3n a las personas que recibieron la vacunaci\u00f3n completa contra Covid19.<\/p>\n<p style=\"text-align: justify;\">A\u00f1orve Ba\u00f1os, explic\u00f3 que esto servir\u00eda de apoyo, por ejemplo a los ciudadanos mexicanos que viajen en el interior y exterior del pa\u00eds, as\u00ed como en otros rubros.<\/p>\n<p style=\"text-align: justify;\">El pasaporte de vacunaci\u00f3n contra Covid-19, como ya le llaman a esta propuesta, ya ha llegado como exhorto a la instancia de salud a nivel federal.<\/p>\n<p style=\"text-align: justify;\">Entrevistado por medios de comunicaci\u00f3n en el Senado de la Rep\u00fablica, Manuel A\u00f1orve, record\u00f3 que el inicio de la vacunaci\u00f3n fue atropellado y no se planeo la existencia de un documento legal que diera certeza al ciudadano de estar inmunizado contra el Coronavirus, por ello, llam\u00f3 al gobierno federal a agilizar los tramites para la emisi\u00f3n de dicho documento.<\/p>\n","protected":false},"excerpt":{"rendered":"<p>CIUDAD DE M\u00c9XICO * 5 de julio de 2021. ) Especial. El Senador de la Rep\u00fablica Manuel A\u00f1orve Ba\u00f1os solicit\u00f3 a la Secretar\u00eda de Salud federal que otorgue certificados de vacunaci\u00f3n a las personas que recibieron la vacunaci\u00f3n completa contra Covid19. A\u00f1orve Ba\u00f1os, explic\u00f3 que esto servir\u00eda de apoyo, por ejemplo a los ciudadanos mexicanos&#8230;<\/p>\n","protected":false},"author":2,"featured_media":1230602,"comment_status":"closed","ping_status":"closed","sticky":false,"template":"","format":"standard","meta":{"footnotes":""},"categories":[1969],"tags":[5611,12366,16254],"class_list":["post-1230601","post","type-post","status-publish","format-standard","has-post-thumbnail","hentry","category-trending","tag-certificado-de-vacunacion-contra-covid19","tag-manuel-anorve-banos","tag-secretaria-de-salud-mexico"],"_links":{"self":[{"href":"https:\/\/www.acapulcopress.com\/index.php\/wp-json\/wp\/v2\/posts\/1230601","targetHints":{"allow":["GET"]}}],"collection":[{"href":"https:\/\/www.acapulcopress.com\/index.php\/wp-json\/wp\/v2\/posts"}],"about":[{"href":"https:\/\/www.acapulcopress.com\/index.php\/wp-json\/wp\/v2\/types\/post"}],"author":[{"embeddable":true,"href":"https:\/\/www.acapulcopress.com\/index.php\/wp-json\/wp\/v2\/users\/2"}],"replies":[{"embeddable":true,"href":"https:\/\/www.acapulcopress.com\/index.php\/wp-json\/wp\/v2\/comments?post=1230601"}],"version-history":[{"count":0,"href":"https:\/\/www.acapulcopress.com\/index.php\/wp-json\/wp\/v2\/posts\/1230601\/revisions"}],"wp:featuredmedia":[{"embeddable":true,"href":"https:\/\/www.acapulcopress.com\/index.php\/wp-json\/"}],"wp:attachment":[{"href":"https:\/\/www.acapulcopress.com\/index.php\/wp-json\/wp\/v2\/media?parent=1230601"}],"wp:term":[{"taxonomy":"category","embeddable":true,"href":"https:\/\/www.acapulcopress.com\/index.php\/wp-json\/wp\/v2\/categories?post=1230601"},{"taxonomy":"post_tag","embeddable":true,"href":"https:\/\/www.acapulcopress.com\/index.php\/wp-json\/wp\/v2\/tags?post=1230601"}],"curies":[{"name":"wp","href":"https:\/\/api.w.org\/{rel}","templated":true}]}}