{"id":1230607,"date":"2021-07-05T21:35:17","date_gmt":"2021-07-06T02:35:17","guid":{"rendered":"https:\/\/www.acapulco.press\/?p=1230607"},"modified":"2021-07-05T21:35:17","modified_gmt":"2021-07-06T02:35:17","slug":"proteccionismo-de-morena-a-criminales-esta-danando-al-pais-zambrano","status":"publish","type":"post","link":"https:\/\/www.acapulcopress.com\/index.php\/2021\/07\/05\/proteccionismo-de-morena-a-criminales-esta-danando-al-pais-zambrano\/","title":{"rendered":"Proteccionismo de Morena a criminales est\u00e1 da\u00f1ando al pa\u00eds | Zambrano"},"content":{"rendered":"<p style=\"text-align: justify;\">CIUDAD DE M\u00c9XICO * 5 de julio de 2021.<br \/>\n<em>) Prensa PRD.<\/em><\/p>\n<p style=\"text-align: justify;\">\u201cAunque el presidente de la Rep\u00fablica lo niegue, las pruebas del crecimiento de los \u00edndices delictivos; del control de franjas enormes del territorio nacional por los grupos del crimen organizado, y de que su gobierno y Morena est\u00e1n coludidos con las bandas del crimen organizado y lo solapan, est\u00e1n a la vista. Se\u00f1or presidente: no busque desviar la atenci\u00f3n hacia sexenios pasados; comience por limpiar su gobierno antes de se\u00f1alar a otros\u201d, declar\u00f3 Jes\u00fas Zambrano Grijalva, Presidente Nacional del Partido de la Revoluci\u00f3n Democr\u00e1tica (PRD), ante las declaraciones del titular del Ejecutivo federal en su conferencia matutina el d\u00eda de hoy.<\/p>\n<p style=\"text-align: justify;\">En ese mismo tenor, el presidente L\u00f3pez Obrador tild\u00f3 de \u201cpropaganda\u201d la preocupaci\u00f3n e indignaci\u00f3n que el PRD, PAN y PRI agrupados en la Coalici\u00f3n \u00bb Va por M\u00e9xico \u00abhemos manifestado desde hace meses por la colaboraci\u00f3n de su administraci\u00f3n con el narcotr\u00e1fico. Esta alarmante situaci\u00f3n nos ha llevado a la necesidad de presentar este caso en pr\u00f3ximos d\u00edas ante la Organizaci\u00f3n de Estados Americanos, debido a la indiferencia del gobierno mexicano para tomar cartas en el asunto\u201d, asegur\u00f3.<\/p>\n<p style=\"text-align: justify;\">\u201cDe cualquier manera estamos agotando las instancias nacionales para que se sancione a Morena y a la administraci\u00f3n federal por sus nexos con el narcotr\u00e1fico. Estamos analizando acudir a instancias internacionales para denunciar estos hechos y buscar poner un alto a este proceso que est\u00e1 llevando al pa\u00eds a un narcoestado. El Gobernador de Michoac\u00e1n, Silvano Aureoles Conejo -quien cuenta con todo nuestro respaldo-, fue ignorado por el presidente L\u00f3pez Obrador cuando acudi\u00f3 a las afueras de Palacio Nacional para presentarle pruebas de estos hechos\u201d, subray\u00f3 Zambrano Grijalva.<\/p>\n<p style=\"text-align: justify;\">El d\u00eda de hoy, Aureoles Conejo se present\u00f3 ante la Suprema Corte de Justicia de la Naci\u00f3n con la intenci\u00f3n de hablar con el ministro presidente, Arturo Zald\u00edvar, y que se puedan emprender acciones para detener la operaci\u00f3n delincuencial con la que Morena gan\u00f3 puestos de elecci\u00f3n popular en las elecciones pasadas. Este encuentro no se concret\u00f3, pero el mandatario estatal dej\u00f3 documentaci\u00f3n y pruebas.<\/p>\n<p style=\"text-align: justify;\">\u201cDurante su espera, lo que recibi\u00f3 el gobernador de Michoac\u00e1n fueron amenazas y ofensas, actos que desde el PRD condenamos porque a todas luces son acciones orquestadas nuevamente desde el partido en el poder. Tienen miedo porque quienes le apostamos a la seguridad e integridad de las y los mexicanos vamos a desenmascarar a aquellos que pretenden la consolidaci\u00f3n de un gobierno aliado con el narcotr\u00e1fico\u201d, recalc\u00f3.<\/p>\n<p style=\"text-align: justify;\">Finalmente, Zambrano Grijalva manifest\u00f3 que se est\u00e1 a la mitad del sexenio y el presidente L\u00f3pez Obrador no solo no ha hecho nada para combatir al crimen organizado, sino que incluso ha permitido que su gobierno y Morena colaboren con estos grupos delincuenciales. \u201cSi \u00e9l no es capaz de poner orden en su propia casa, comenzaremos a acudiremos a instancias internacionales para frenarlo\u201d, asegur\u00f3.<\/p>\n","protected":false},"excerpt":{"rendered":"<p>CIUDAD DE M\u00c9XICO * 5 de julio de 2021. ) Prensa PRD. \u201cAunque el presidente de la Rep\u00fablica lo niegue, las pruebas del crecimiento de los \u00edndices delictivos; del control de franjas enormes del territorio nacional por los grupos del crimen organizado, y de que su gobierno y Morena est\u00e1n coludidos con las bandas del&#8230;<\/p>\n","protected":false},"author":2,"featured_media":1230608,"comment_status":"closed","ping_status":"closed","sticky":false,"template":"","format":"standard","meta":{"footnotes":""},"categories":[1969,1972,2005],"tags":[6743,10764,13297,13522,13525,13537,14804],"class_list":["post-1230607","post","type-post","status-publish","format-standard","has-post-thumbnail","hentry","category-trending","category-special","category-seguridad-y-justicia","tag-crimen-organizado","tag-jesus-zambrano-grijalva","tag-morena","tag-narcocrimen","tag-narcoestado","tag-narcoviolencia","tag-prd"],"_links":{"self":[{"href":"https:\/\/www.acapulcopress.com\/index.php\/wp-json\/wp\/v2\/posts\/1230607","targetHints":{"allow":["GET"]}}],"collection":[{"href":"https:\/\/www.acapulcopress.com\/index.php\/wp-json\/wp\/v2\/posts"}],"about":[{"href":"https:\/\/www.acapulcopress.com\/index.php\/wp-json\/wp\/v2\/types\/post"}],"author":[{"embeddable":true,"href":"https:\/\/www.acapulcopress.com\/index.php\/wp-json\/wp\/v2\/users\/2"}],"replies":[{"embeddable":true,"href":"https:\/\/www.acapulcopress.com\/index.php\/wp-json\/wp\/v2\/comments?post=1230607"}],"version-history":[{"count":0,"href":"https:\/\/www.acapulcopress.com\/index.php\/wp-json\/wp\/v2\/posts\/1230607\/revisions"}],"wp:featuredmedia":[{"embeddable":true,"href":"https:\/\/www.acapulcopress.com\/index.php\/wp-json\/"}],"wp:attachment":[{"href":"https:\/\/www.acapulcopress.com\/index.php\/wp-json\/wp\/v2\/media?parent=1230607"}],"wp:term":[{"taxonomy":"category","embeddable":true,"href":"https:\/\/www.acapulcopress.com\/index.php\/wp-json\/wp\/v2\/categories?post=1230607"},{"taxonomy":"post_tag","embeddable":true,"href":"https:\/\/www.acapulcopress.com\/index.php\/wp-json\/wp\/v2\/tags?post=1230607"}],"curies":[{"name":"wp","href":"https:\/\/api.w.org\/{rel}","templated":true}]}}