{"id":1230614,"date":"2021-07-05T22:00:05","date_gmt":"2021-07-06T03:00:05","guid":{"rendered":"https:\/\/www.acapulco.press\/?p=1230614"},"modified":"2021-07-05T22:00:05","modified_gmt":"2021-07-06T03:00:05","slug":"con-morena-los-peores-3-anos-de-mexico","status":"publish","type":"post","link":"https:\/\/www.acapulcopress.com\/index.php\/2021\/07\/05\/con-morena-los-peores-3-anos-de-mexico\/","title":{"rendered":"Con Morena, los peores 3 a\u00f1os de M\u00e9xico"},"content":{"rendered":"<p style=\"text-align: justify;\">CIUDAD DE M\u00c9XICO * 5 de julio de 2021.<br \/>\n<em>) Especial.<\/em><\/p>\n<p style=\"text-align: justify;\">El Presidente del CEN del PRI lament\u00f3 que el gobierno de Morena abrace al crimen organizado, mientras ataca a los pap\u00e1s de ni\u00f1os con c\u00e1ncer.<\/p>\n<p style=\"text-align: justify;\"><img loading=\"lazy\" decoding=\"async\" class=\"alignleft size-medium wp-image-1230616\" src=\"https:\/\/www.acapulco.press\/wp-content\/uploads\/2021\/07\/LOS-PEORES-ANOS-DE-MORENA-375x634.png\" alt=\"\" width=\"375\" height=\"634\" \/>Morena debe dedicarse a gobernar y dejar los distractores, destac\u00f3 el dirigente priista.<\/p>\n<p style=\"text-align: justify;\">La crisis de seguridad en M\u00e9xico ha alcanzado niveles alarmantes. En lo que va del sexenio se han cometido m\u00e1s de 106 mil homicidios y m\u00e1s de 9 mil feminicidios. Estos son los peores tres a\u00f1os en la historia de nuestro pa\u00eds, afirm\u00f3 Alejandro Moreno, Presidente del Comit\u00e9 Ejecutivo Nacional (CEN) del Partido Revolucionario Institucional (PRI).<\/p>\n<p style=\"text-align: justify;\">En entrevista, el dirigente del partido tricolor manifest\u00f3 que es incre\u00edble que, por un lado, Morena abrace al crimen organizado y lo utilice como operador electoral, y por otro, critique y ataque a los pap\u00e1s de ni\u00f1os con c\u00e1ncer, y los declare enemigos del Estado.<\/p>\n<p style=\"text-align: justify;\">El l\u00edder priista subray\u00f3 que \u201cla consulta contra expresidentes es un circo m\u00e1s de Morena. La aplicaci\u00f3n de la ley no tiene que consultarse; si existen pruebas de alg\u00fan delito que se denuncien y que un juez dicte sentencia. Morena tiene que dedicarse a gobernar y dejar los distractores\u201d.<\/p>\n<p style=\"text-align: justify;\">El gobierno de Morena, reclam\u00f3 el Presidente del CEN tricolor, ha atacado hasta el cansancio a la clase media, mientras que esos ciudadanos son los que cumplen con sus obligaciones y pagan sus impuestos.<\/p>\n<p style=\"text-align: justify;\">\u201cHan declarado enemigo del Estado a quien aspire a tener m\u00e1s oportunidades y una mejor calidad de vida. Morena quiere esconder todos sus errores culpando a otros, pero cuando se les pide que lo denuncien se quedan callados\u201d, subray\u00f3 el tambi\u00e9n titular de la Conferencia Permanente de Partidos Pol\u00edticos de Am\u00e9rica Latina y el Caribe (Copppal).<\/p>\n<p style=\"text-align: justify;\">Alejandro Moreno adelant\u00f3 que en la LXV Legislatura el Grupo Parlamentario del PRI (GPPRI) impulsar\u00e1 el regreso del Seguro Popular, las Estancias Infantiles y el Seguro de Vida para Jefas de Familia.<\/p>\n","protected":false},"excerpt":{"rendered":"<p>CIUDAD DE M\u00c9XICO * 5 de julio de 2021. ) Especial. El Presidente del CEN del PRI lament\u00f3 que el gobierno de Morena abrace al crimen organizado, mientras ataca a los pap\u00e1s de ni\u00f1os con c\u00e1ncer. Morena debe dedicarse a gobernar y dejar los distractores, destac\u00f3 el dirigente priista. La crisis de seguridad en M\u00e9xico&#8230;<\/p>\n","protected":false},"author":2,"featured_media":1230615,"comment_status":"closed","ping_status":"closed","sticky":false,"template":"","format":"standard","meta":{"footnotes":""},"categories":[1972,1997],"tags":[3551,13297,14914],"class_list":["post-1230614","post","type-post","status-publish","format-standard","has-post-thumbnail","hentry","category-special","category-noticias-destacadas","tag-alejandro-moreno-cardenas","tag-morena","tag-pri"],"_links":{"self":[{"href":"https:\/\/www.acapulcopress.com\/index.php\/wp-json\/wp\/v2\/posts\/1230614","targetHints":{"allow":["GET"]}}],"collection":[{"href":"https:\/\/www.acapulcopress.com\/index.php\/wp-json\/wp\/v2\/posts"}],"about":[{"href":"https:\/\/www.acapulcopress.com\/index.php\/wp-json\/wp\/v2\/types\/post"}],"author":[{"embeddable":true,"href":"https:\/\/www.acapulcopress.com\/index.php\/wp-json\/wp\/v2\/users\/2"}],"replies":[{"embeddable":true,"href":"https:\/\/www.acapulcopress.com\/index.php\/wp-json\/wp\/v2\/comments?post=1230614"}],"version-history":[{"count":0,"href":"https:\/\/www.acapulcopress.com\/index.php\/wp-json\/wp\/v2\/posts\/1230614\/revisions"}],"wp:featuredmedia":[{"embeddable":true,"href":"https:\/\/www.acapulcopress.com\/index.php\/wp-json\/"}],"wp:attachment":[{"href":"https:\/\/www.acapulcopress.com\/index.php\/wp-json\/wp\/v2\/media?parent=1230614"}],"wp:term":[{"taxonomy":"category","embeddable":true,"href":"https:\/\/www.acapulcopress.com\/index.php\/wp-json\/wp\/v2\/categories?post=1230614"},{"taxonomy":"post_tag","embeddable":true,"href":"https:\/\/www.acapulcopress.com\/index.php\/wp-json\/wp\/v2\/tags?post=1230614"}],"curies":[{"name":"wp","href":"https:\/\/api.w.org\/{rel}","templated":true}]}}