{"id":1230622,"date":"2021-07-05T22:36:14","date_gmt":"2021-07-06T03:36:14","guid":{"rendered":"https:\/\/www.acapulco.press\/?p=1230622"},"modified":"2021-07-05T22:36:14","modified_gmt":"2021-07-06T03:36:14","slug":"en-tiempo-y-forma-se-entrega-vi-informe-de-hector-astudillo-al-congreso","status":"publish","type":"post","link":"https:\/\/www.acapulcopress.com\/index.php\/2021\/07\/05\/en-tiempo-y-forma-se-entrega-vi-informe-de-hector-astudillo-al-congreso\/","title":{"rendered":"En tiempo y forma se entrega VI Informe de H\u00e9ctor Astudillo al Congreso"},"content":{"rendered":"<p style=\"text-align: justify;\">CHILPANCINGO * 5 de julio de 2021.<br \/>\n<em>) Gobierno de Guerrero.<\/em><\/p>\n<p style=\"text-align: justify;\">El gobernador H\u00e9ctor Astudillo Flores solicit\u00f3 al Congreso Local poder acudir a rendir su mensaje de manera presencial con motivo de su sexto informe de labores ante el pleno del Poder Legislativo el pr\u00f3ximo 15 de julio, respetando los protocolos <img loading=\"lazy\" decoding=\"async\" class=\"alignleft size-medium wp-image-1230623\" src=\"https:\/\/www.acapulco.press\/wp-content\/uploads\/2021\/07\/SEXTO-INFORME-2021-375x249.jpg\" alt=\"\" width=\"375\" height=\"249\" \/>sanitarios ante la pandemia por el Covid-19.<\/p>\n<p style=\"text-align: justify;\">Astudillo Flores envi\u00f3 este lunes al Congreso el documento que contiene informaci\u00f3n respecto al \u00faltimo informe de labores.<br \/>\nAsimismo, dijo que tiene inter\u00e9s de asistir al Congreso para escuchar las diferentes posiciones de las fracciones Parlamentarias, con pleno respeto a las medidas sanitarias ante la pandemia por el Covid-19.<\/p>\n<p style=\"text-align: justify;\">Posteriormente, en cumplimiento al art\u00edculo 73 de la constituci\u00f3n pol\u00edtica del estado de Guerrero, el secretario General de Gobierno, Florencio Salazar Adame entreg\u00f3 en tiempo y forma a la presidenta de la Mesa Directiva del Congreso local, Eunice Monz\u00f3n Garc\u00eda la documentaci\u00f3n que contiene informaci\u00f3n respectiva al sexto informe de labores del gobernador H\u00e9ctor Astudillo Flores.<\/p>\n<p style=\"text-align: justify;\">Acompa\u00f1ado de los secretarios de Finanzas y Administraci\u00f3n, Tulio Samuel P\u00e9rez Calvo y de Planeaci\u00f3n y Desarrollo Regional, David Guzm\u00e1n Maldonado, el encargado de la pol\u00edtica interna acudi\u00f3 en representaci\u00f3n del titular del Ejecutivo.<\/p>\n","protected":false},"excerpt":{"rendered":"<p>CHILPANCINGO * 5 de julio de 2021. ) Gobierno de Guerrero. El gobernador H\u00e9ctor Astudillo Flores solicit\u00f3 al Congreso Local poder acudir a rendir su mensaje de manera presencial con motivo de su sexto informe de labores ante el pleno del Poder Legislativo el pr\u00f3ximo 15 de julio, respetando los protocolos sanitarios ante la pandemia&#8230;<\/p>\n","protected":false},"author":2,"featured_media":1230624,"comment_status":"closed","ping_status":"closed","sticky":false,"template":"","format":"standard","meta":{"footnotes":""},"categories":[1983,18561],"tags":[9301,9709],"class_list":["post-1230622","post","type-post","status-publish","format-standard","has-post-thumbnail","hentry","category-guerrerogob","category-society-politics","tag-gobierno-de-guererro","tag-hector-astudillo-vi-informe-de-gobierno"],"_links":{"self":[{"href":"https:\/\/www.acapulcopress.com\/index.php\/wp-json\/wp\/v2\/posts\/1230622","targetHints":{"allow":["GET"]}}],"collection":[{"href":"https:\/\/www.acapulcopress.com\/index.php\/wp-json\/wp\/v2\/posts"}],"about":[{"href":"https:\/\/www.acapulcopress.com\/index.php\/wp-json\/wp\/v2\/types\/post"}],"author":[{"embeddable":true,"href":"https:\/\/www.acapulcopress.com\/index.php\/wp-json\/wp\/v2\/users\/2"}],"replies":[{"embeddable":true,"href":"https:\/\/www.acapulcopress.com\/index.php\/wp-json\/wp\/v2\/comments?post=1230622"}],"version-history":[{"count":0,"href":"https:\/\/www.acapulcopress.com\/index.php\/wp-json\/wp\/v2\/posts\/1230622\/revisions"}],"wp:featuredmedia":[{"embeddable":true,"href":"https:\/\/www.acapulcopress.com\/index.php\/wp-json\/"}],"wp:attachment":[{"href":"https:\/\/www.acapulcopress.com\/index.php\/wp-json\/wp\/v2\/media?parent=1230622"}],"wp:term":[{"taxonomy":"category","embeddable":true,"href":"https:\/\/www.acapulcopress.com\/index.php\/wp-json\/wp\/v2\/categories?post=1230622"},{"taxonomy":"post_tag","embeddable":true,"href":"https:\/\/www.acapulcopress.com\/index.php\/wp-json\/wp\/v2\/tags?post=1230622"}],"curies":[{"name":"wp","href":"https:\/\/api.w.org\/{rel}","templated":true}]}}