{"id":1230643,"date":"2021-07-05T23:08:13","date_gmt":"2021-07-06T04:08:13","guid":{"rendered":"https:\/\/www.acapulco.press\/?p=1230643"},"modified":"2021-07-05T23:08:13","modified_gmt":"2021-07-06T04:08:13","slug":"el-19-de-julio-finalizan-restricciones-contra-covid19-en-inglaterra","status":"publish","type":"post","link":"https:\/\/www.acapulcopress.com\/index.php\/2021\/07\/05\/el-19-de-julio-finalizan-restricciones-contra-covid19-en-inglaterra\/","title":{"rendered":"El 19 de julio finalizan restricciones contra Covid19 en Inglaterra"},"content":{"rendered":"<p style=\"text-align: justify;\">LONDRES * 5 de julio de 2021.<br \/>\n) Euronews.<\/p>\n<p style=\"text-align: justify;\">Boris Johnson anuncia el fin de las restricciones contra la COVID. El pr\u00f3ximo 19 de julio, si todo avanza seg\u00fan lo previsto, los brit\u00e1nicos dir\u00e1n adi\u00f3s a la mascarilla, a las normas de distanciamiento social, al l\u00edmite de aforos y de visitas. El primer ministro ha apuntado que la decisi\u00f3n \u00faltima se tomar\u00e1 el pr\u00f3ximo 12 de julio.<\/p>\n<p style=\"text-align: justify;\">Boris Johnson ha destacado ante los medios: \u00abPermitiremos la reapertura de todos los negocios, incluidas las discotecas, levantaremos el l\u00edmite de visitas a las residencias de ancianos y del n\u00famero de personas que asisten a conciertos, teatro y eventos deportivos. Pondremos fin a la norma de m\u00e1s de un metro de distancia social y a la obligaci\u00f3n legal de llevar mascarilla, aunque se sugerir\u00e1 por qu\u00e9 se puede optar por hacerlo, especialmente cuando los casos aumenten y cuando se entre en contacto con personas con las que no se suele coincidir en espacios cerrados, como el transporte p\u00fablico, que obviamente estar\u00e1 muy concurrido.\u00bb<\/p>\n<p style=\"text-align: justify;\">El anuncio se hace en medio de un aumento de contagios por la variante delta. El 86 por ciento de la poblaci\u00f3n adulta ya ha recibido la primera dosis de la vacuna y el 63,8 por la pauta completa.<\/p>\n<p style=\"text-align: justify;\">La duquesa de Cambridge se aisla<br \/>\nEntre tanto, seg\u00fan la monarqu\u00eda brit\u00e1nica, la duquesa de Cambridge se ha aislado despu\u00e9s de que uno de sus contactos diera positivo por coronavirus.<\/p>\n<p style=\"text-align: justify;\">Catalina ten\u00eda previsto asistir el lunes a un acto con su marido, el pr\u00edncipe Guillermo, para celebrar el 73\u00ba aniversario del Servicio Nacional de Salud brit\u00e1nico.<\/p>\n","protected":false},"excerpt":{"rendered":"<p>LONDRES * 5 de julio de 2021. ) Euronews. Boris Johnson anuncia el fin de las restricciones contra la COVID. El pr\u00f3ximo 19 de julio, si todo avanza seg\u00fan lo previsto, los brit\u00e1nicos dir\u00e1n adi\u00f3s a la mascarilla, a las normas de distanciamiento social, al l\u00edmite de aforos y de visitas. El primer ministro ha&#8230;<\/p>\n","protected":false},"author":2,"featured_media":1230644,"comment_status":"closed","ping_status":"closed","sticky":false,"template":"","format":"standard","meta":{"footnotes":""},"categories":[1969],"tags":[],"class_list":["post-1230643","post","type-post","status-publish","format-standard","has-post-thumbnail","hentry","category-trending"],"_links":{"self":[{"href":"https:\/\/www.acapulcopress.com\/index.php\/wp-json\/wp\/v2\/posts\/1230643","targetHints":{"allow":["GET"]}}],"collection":[{"href":"https:\/\/www.acapulcopress.com\/index.php\/wp-json\/wp\/v2\/posts"}],"about":[{"href":"https:\/\/www.acapulcopress.com\/index.php\/wp-json\/wp\/v2\/types\/post"}],"author":[{"embeddable":true,"href":"https:\/\/www.acapulcopress.com\/index.php\/wp-json\/wp\/v2\/users\/2"}],"replies":[{"embeddable":true,"href":"https:\/\/www.acapulcopress.com\/index.php\/wp-json\/wp\/v2\/comments?post=1230643"}],"version-history":[{"count":0,"href":"https:\/\/www.acapulcopress.com\/index.php\/wp-json\/wp\/v2\/posts\/1230643\/revisions"}],"wp:featuredmedia":[{"embeddable":true,"href":"https:\/\/www.acapulcopress.com\/index.php\/wp-json\/"}],"wp:attachment":[{"href":"https:\/\/www.acapulcopress.com\/index.php\/wp-json\/wp\/v2\/media?parent=1230643"}],"wp:term":[{"taxonomy":"category","embeddable":true,"href":"https:\/\/www.acapulcopress.com\/index.php\/wp-json\/wp\/v2\/categories?post=1230643"},{"taxonomy":"post_tag","embeddable":true,"href":"https:\/\/www.acapulcopress.com\/index.php\/wp-json\/wp\/v2\/tags?post=1230643"}],"curies":[{"name":"wp","href":"https:\/\/api.w.org\/{rel}","templated":true}]}}