{"id":1230649,"date":"2021-07-05T23:26:44","date_gmt":"2021-07-06T04:26:44","guid":{"rendered":"https:\/\/www.acapulco.press\/?p=1230649"},"modified":"2021-07-05T23:26:44","modified_gmt":"2021-07-06T04:26:44","slug":"quien-es-quien-en-la-mentira","status":"publish","type":"post","link":"https:\/\/www.acapulcopress.com\/index.php\/2021\/07\/05\/quien-es-quien-en-la-mentira\/","title":{"rendered":"Qui\u00e9n es qui\u00e9n en la mentira"},"content":{"rendered":"<p style=\"text-align: justify;\">\u00bb <strong>Denise Dresser<\/strong><br \/>\n<em>] <a href=\"https:\/\/www.proceso.com.mx\/opinion\/2021\/7\/5\/quien-es-quien-en-la-mentira-267185.html\" target=\"_blank\" rel=\"noopener\">Apro<\/a><\/em><\/p>\n<p style=\"text-align: justify;\">Faltan palabras para describir la actitud de Hugo L\u00f3pez Gatell ante el trance de los ni\u00f1os con c\u00e1ncer. Algunas vienen a la mente de inmediato al presenciar su comportamiento y al escuchar sus evasiones. Indecencia, mezquindad, ruindad, bajeza, inhumanidad, verg\u00fcenza. Un cient\u00edfico convertido en pol\u00edtico que se apresta a defender al gobierno, aunque eso implique ignorar los est\u00e1ndares \u00e9ticos de su profesi\u00f3n. Un propagandista que mimetiza la paranoia del presidente, quien interpreta cualquier cr\u00edtica como \u201cgolpismo\u201d y cualquier movilizaci\u00f3n social como un complot de la derecha. Ambos, incapaces de empatizar o entender la crisis del desabasto que ellos mismos provocaron. Y por eso, ahora que el gobierno anuncia la pr\u00e1ctica semanal de designar a \u201cqui\u00e9n es qui\u00e9n en la mentira\u201d, el primer lugar se lo llevan funcionarios de la 4T.<\/p>\n<p style=\"text-align: justify;\">Todos los que \u2013como el subsecretario de Salud\u2013 han minimizado la realidad, tergiversado los motivos detr\u00e1s del enojo, ignorado la evidencia y negado el derecho humano a la salud. Todos los que por ineptitud o arrogancia o incompetencia se abocaron a sustituir un sistema oligopolizado por uno letal. Funcionarios de Hacienda y el Insabi y el IMSS y la Secretar\u00eda de la Funci\u00f3n P\u00fablica, usando el argumento loable del combate a la corrupci\u00f3n para justificar lo que ha sido mala pol\u00edtica p\u00fablica. Resaltando el objetivo aplaudible de castigar a las farmac\u00e9uticas rapaces, sin que eso haya ocurrido a cabalidad. He ah\u00ed la consecuencia de buenas intenciones traducidas en resultados desastrosos, dejando tras de s\u00ed a miles de personas en la indefensi\u00f3n, a cientos de ni\u00f1os en el \u00addesamparo, a pacientes obligados a buscar medicinas donde no las hay. El Estado fall\u00e1ndole a sus ciudadanos y neg\u00e1ndolo.<\/p>\n<p style=\"text-align: justify;\">Cuando desde el periodo de transici\u00f3n se les advirti\u00f3 sobre la complejidad del proceso de compra de medicamentos y la dificultad de transitar a uno consolidado en Hacienda. Cuando numerosos expertos se\u00f1alaron los peligros por venir, si se actuaba de manera precipitada y desinformada. Pero como en tantos otros rubros, el gobierno de L\u00f3pez Obrador decidi\u00f3 actuar antes de ponderar, destruir en lugar de componer, anteponer los prejuicios a la planeaci\u00f3n. Como lo ha evidenciado la investigaci\u00f3n \u201cOperaci\u00f3n desabasto\u201d, llevada a cabo por un conjunto de organizaciones de la sociedad civil, el imperativo de ahorrar, centralizar y castigar deriv\u00f3 en una debacle documentada. Al frente de la Oficial\u00eda Mayor de Hacienda, Raquel Buenrostro fracas\u00f3 en el intento de reducir costos, en el objetivo de combatir la corrupci\u00f3n, en la meta de hacer las cosas de mejor manera. Compr\u00f3 tarde y de manera incompleta, llev\u00f3 a cabo licitaciones que acabaron desiertas, y finalmente tuvo que recurrir a adjudicaciones directas. La combinaci\u00f3n fue ca\u00f3tica y contraproducente: el gobierno no s\u00f3lo gener\u00f3 desabasto; tambi\u00e9n se vio obligado a pagar precios m\u00e1s altos por la situaci\u00f3n de emergencia que empez\u00f3 a enfrentar. El caldo result\u00f3 m\u00e1s caro que las alb\u00f3ndigas, y luego ni caldo hubo.<\/p>\n<p style=\"text-align: justify;\">Porque se busc\u00f3 combatir un mercado oligop\u00f3lico sin proponer alternativas para crear un mercado competitivo. Porque nadie pens\u00f3 en c\u00f3mo crear una red funcional de distribuci\u00f3n, almacenaje, log\u00edstica y producci\u00f3n que sustituyera a la que el presidente tanto criticaba. Porque AMLO vet\u00f3 e inhabilit\u00f3 a compa\u00f1\u00edas dominantes en el sector, sin reparar en las consecuencias de hacerlo sin un plan B funcional, y sin tomar en cuenta que la corrupci\u00f3n no proven\u00eda de la compra de medicamentos, sino de la facturaci\u00f3n falsa de otros servicios contratados. Y luego vino la pandemia. Y despu\u00e9s se tuvo que recurrir a la Oficina de Naciones Unidas de Servicios para Proyectos (UNOPS), buscando componer lo que el propio gobierno hab\u00eda descompuesto. Y ahora se tendr\u00e1n que pagar 85 millones de d\u00f3lares a una organizaci\u00f3n que no tiene experiencia en la compra tard\u00eda de medicamentos, en medio de un desabasto que se agrava conforme transcurren los meses. Esa es la realidad que L\u00f3pez Gatell ha buscado esconder; ese es el diagn\u00f3stico que el gobierno no ha querido reconocer.<\/p>\n<p style=\"text-align: justify;\">Cuatro mil 200 reportes de escasez de medicamentos detectados en los \u00faltimos dos a\u00f1os y medio por el colectivo \u201cCero desabasto\u201d. Padecimientos como c\u00e1ncer, diabetes, hipertensi\u00f3n y VIH agravados y desatendidos. Sobrecostos y opacidad producto de las compras de urgencia, abriendo a\u00fan m\u00e1s la puerta a la corrupci\u00f3n que se quer\u00eda combatir. Pero el peor costo es el humano: las vidas truncadas, los futuros cancelados. Y ante el sufrimiento y los plantones y las quejas y la desesperaci\u00f3n, la 4T no ha corregido; ha revictimizado. De manera cruel, de forma deshonesta, atacando a quienes \u2013desde la izquierda\u2013 deber\u00eda abocarse a proteger. Es cierto que la oposici\u00f3n prianista se monta sobre el tema, pero el gobierno ha provisto la forma de hacerlo. Es cierto que el sector salud ten\u00eda serios problemas que era necesario encarar, pero el gobierno ha empeorado la situaci\u00f3n que hered\u00f3.<\/p>\n<p style=\"text-align: justify;\">Llamar \u201cgolpistas\u201d a padres de hijos enfermos evidencia un grado de deshumanizaci\u00f3n que hubiera resultado impensable en aquellos que se piensan progresistas. Decir que en las marchas contra el desabasto hay s\u00f3lo 20 personas y los dem\u00e1s son infiltrados, revela un grado de penuria moral sobrecogedor. Mentir de manera reiterada como lo ha hecho L\u00f3pez Gatell y quienes reproducen su narrativa, exhibe con crudeza qui\u00e9n es qui\u00e9n. Quien est\u00e1 m\u00e1s preocupado en defender un proyecto pol\u00edtico que en atender a los enfermos de su pa\u00eds. Quien est\u00e1 m\u00e1s empe\u00f1ado en blindar al poder que en escuchar a sus v\u00edctimas. Quien se\u00f1ala las penurias del pasado pero no tiene la congruencia suficiente para criticar las carencias del presente. Y en ese \u201cqui\u00e9n es qui\u00e9n en la mentira\u201d, los primeros culpables son aquellos que han optado por pararse del lado de un gobierno que no est\u00e1 transformando; est\u00e1 matando.<\/p>\n","protected":false},"excerpt":{"rendered":"<p>\u00bb Denise Dresser ] Apro Faltan palabras para describir la actitud de Hugo L\u00f3pez Gatell ante el trance de los ni\u00f1os con c\u00e1ncer. Algunas vienen a la mente de inmediato al presenciar su comportamiento y al escuchar sus evasiones. Indecencia, mezquindad, ruindad, bajeza, inhumanidad, verg\u00fcenza. Un cient\u00edfico convertido en pol\u00edtico que se apresta a defender&#8230;<\/p>\n","protected":false},"author":2,"featured_media":1230650,"comment_status":"closed","ping_status":"closed","sticky":false,"template":"","format":"standard","meta":{"footnotes":""},"categories":[2071,1991],"tags":[],"class_list":["post-1230649","post","type-post","status-publish","format-standard","has-post-thumbnail","hentry","category-opinion-analisis-columnas","category-libertad-de-expresion"],"_links":{"self":[{"href":"https:\/\/www.acapulcopress.com\/index.php\/wp-json\/wp\/v2\/posts\/1230649","targetHints":{"allow":["GET"]}}],"collection":[{"href":"https:\/\/www.acapulcopress.com\/index.php\/wp-json\/wp\/v2\/posts"}],"about":[{"href":"https:\/\/www.acapulcopress.com\/index.php\/wp-json\/wp\/v2\/types\/post"}],"author":[{"embeddable":true,"href":"https:\/\/www.acapulcopress.com\/index.php\/wp-json\/wp\/v2\/users\/2"}],"replies":[{"embeddable":true,"href":"https:\/\/www.acapulcopress.com\/index.php\/wp-json\/wp\/v2\/comments?post=1230649"}],"version-history":[{"count":0,"href":"https:\/\/www.acapulcopress.com\/index.php\/wp-json\/wp\/v2\/posts\/1230649\/revisions"}],"wp:featuredmedia":[{"embeddable":true,"href":"https:\/\/www.acapulcopress.com\/index.php\/wp-json\/"}],"wp:attachment":[{"href":"https:\/\/www.acapulcopress.com\/index.php\/wp-json\/wp\/v2\/media?parent=1230649"}],"wp:term":[{"taxonomy":"category","embeddable":true,"href":"https:\/\/www.acapulcopress.com\/index.php\/wp-json\/wp\/v2\/categories?post=1230649"},{"taxonomy":"post_tag","embeddable":true,"href":"https:\/\/www.acapulcopress.com\/index.php\/wp-json\/wp\/v2\/tags?post=1230649"}],"curies":[{"name":"wp","href":"https:\/\/api.w.org\/{rel}","templated":true}]}}