{"id":1230655,"date":"2021-07-05T23:37:37","date_gmt":"2021-07-06T04:37:37","guid":{"rendered":"https:\/\/www.acapulco.press\/?p=1230655"},"modified":"2021-07-05T23:37:37","modified_gmt":"2021-07-06T04:37:37","slug":"muere-a-los-78-anos-la-cantante-italiana-rafaella-carra","status":"publish","type":"post","link":"https:\/\/www.acapulcopress.com\/index.php\/2021\/07\/05\/muere-a-los-78-anos-la-cantante-italiana-rafaella-carra\/","title":{"rendered":"Muere a los 78 a\u00f1os la cantante italiana Raffaella Carr\u00e0"},"content":{"rendered":"<p style=\"text-align: justify;\">BOLONIA * 5 de julio de 2021.<br \/>\n<em>) <a href=\"https:\/\/www.efe.com\/efe\/espana\/cultura\/la-cantante-italiana-raffaella-carra-fallece-a-los-78-anos\/10005-4579014\" target=\"_blank\" rel=\"noopener\">Efe<\/a><\/em><\/p>\n<p style=\"text-align: justify;\">Raffaella Carr\u00e0, cantante, actriz y presentadora italiana, muri\u00f3 este 5 de julio a los 78 a\u00f1os de edad, seg\u00fan inform\u00f3 la agencia italiana Ansa. Conocida a nivel mundial por algunos temas como<em> A far l\u2019amore comincia tu, Tanti Auguri,<\/em> <em>Caliente, caliente, Fiesta,<\/em> E<em>n el amor todo es empezar<\/em> y <em>Hay que venir al sur<\/em>.<\/p>\n<p style=\"text-align: justify;\">Sergio Japino, quien fue su pareja, expres\u00f3 que la artista hab\u00eda fallecido y la record\u00f3 con unas emotivas palabras.<\/p>\n<p style=\"text-align: justify;\">\u201cNos ha dejado. Se ha ido a un mundo mejor, donde su humanidad, su inconfundible risa y su extraordinario talento brillar\u00e1n para siempre\u201d, dijo.<\/p>\n<p style=\"text-align: justify;\">Una de las actrices que lament\u00f3 su muerte fue Laura Pausini, quien expres\u00f3 sus condolencias a trav\u00e9s de redes sociales.<\/p>\n<p style=\"text-align: justify;\">Si lo ha sido, es y ser\u00e1 la \u00fanica reina. Para m\u00ed, para el mundo entero\u201d, escribi\u00f3 Pausini.<\/p>\n<p style=\"text-align: justify;\"><strong>\u00bfQui\u00e9n era Raffaella Carr\u00e0?<\/strong><\/p>\n<p style=\"text-align: justify;\">Raffaella Maria Roberta Pelloni, mejor conocida como Raffaella Carr\u00e0, fue una cantante, compositora, actriz, presentadora y conductora italiana.<\/p>\n<p style=\"text-align: justify;\">Naci\u00f3 en Bolonia, Italia, y su carrera profesional la empez\u00f3 cuando apenas ten\u00eda nueve a\u00f1os, tras ser elegida para un peque\u00f1o papel en la pel\u00edcula \u201cTormento del passato\u201c.<\/p>\n<p style=\"text-align: justify;\">Estudi\u00f3 en el Instituto de Cinematograf\u00eda, en donde se form\u00f3 como bailarina y posteriormente se convirti\u00f3 en una estrella de Hollywood, aunque por poco tiempo.<\/p>\n<p style=\"text-align: justify;\">\u201cNi bebo ni me drogo, por eso Hollywood no era para m\u00ed\u201d, dijo en una entrevista en los a\u00f1os sesenta.<\/p>\n<p style=\"text-align: justify;\">Fue famosa por sus inolvidables \u00e9xitos como<em> Fiesta, Hay que venir el sur, Caliente, caliente,<\/em> entre otros.<\/p>\n<p style=\"text-align: justify;\">A lo largo de su carrera present\u00f3 diversos programas de televisi\u00f3n, principalmente en la cadena italiana RAI y en la espa\u00f1ola TVE.<\/p>\n<p style=\"text-align: justify;\">Tambi\u00e9n realiz\u00f3 algunas colaboraciones para programas en Argentina, M\u00e9xico, Chile y Per\u00fa.<\/p>\n","protected":false},"excerpt":{"rendered":"<p>BOLONIA * 5 de julio de 2021. ) Efe Raffaella Carr\u00e0, cantante, actriz y presentadora italiana, muri\u00f3 este 5 de julio a los 78 a\u00f1os de edad, seg\u00fan inform\u00f3 la agencia italiana Ansa. Conocida a nivel mundial por algunos temas como A far l\u2019amore comincia tu, Tanti Auguri, Caliente, caliente, Fiesta, En el amor todo&#8230;<\/p>\n","protected":false},"author":2,"featured_media":1230656,"comment_status":"closed","ping_status":"closed","sticky":false,"template":"","format":"standard","meta":{"footnotes":""},"categories":[1988,1994],"tags":[4986,8621,9685,15236,15237,16507],"class_list":["post-1230655","post","type-post","status-publish","format-standard","has-post-thumbnail","hentry","category-lifestyles","category-personalidades","tag-caliente","tag-fiesta","tag-hay-que-venir-el-sur","tag-raffaella-carra","tag-raffaella-maria-roberta-pelloni","tag-sergio-japino"],"_links":{"self":[{"href":"https:\/\/www.acapulcopress.com\/index.php\/wp-json\/wp\/v2\/posts\/1230655","targetHints":{"allow":["GET"]}}],"collection":[{"href":"https:\/\/www.acapulcopress.com\/index.php\/wp-json\/wp\/v2\/posts"}],"about":[{"href":"https:\/\/www.acapulcopress.com\/index.php\/wp-json\/wp\/v2\/types\/post"}],"author":[{"embeddable":true,"href":"https:\/\/www.acapulcopress.com\/index.php\/wp-json\/wp\/v2\/users\/2"}],"replies":[{"embeddable":true,"href":"https:\/\/www.acapulcopress.com\/index.php\/wp-json\/wp\/v2\/comments?post=1230655"}],"version-history":[{"count":0,"href":"https:\/\/www.acapulcopress.com\/index.php\/wp-json\/wp\/v2\/posts\/1230655\/revisions"}],"wp:featuredmedia":[{"embeddable":true,"href":"https:\/\/www.acapulcopress.com\/index.php\/wp-json\/"}],"wp:attachment":[{"href":"https:\/\/www.acapulcopress.com\/index.php\/wp-json\/wp\/v2\/media?parent=1230655"}],"wp:term":[{"taxonomy":"category","embeddable":true,"href":"https:\/\/www.acapulcopress.com\/index.php\/wp-json\/wp\/v2\/categories?post=1230655"},{"taxonomy":"post_tag","embeddable":true,"href":"https:\/\/www.acapulcopress.com\/index.php\/wp-json\/wp\/v2\/tags?post=1230655"}],"curies":[{"name":"wp","href":"https:\/\/api.w.org\/{rel}","templated":true}]}}