{"id":1230663,"date":"2021-07-06T19:01:28","date_gmt":"2021-07-07T00:01:28","guid":{"rendered":"https:\/\/www.acapulco.press\/?p=1230663"},"modified":"2021-07-06T19:01:28","modified_gmt":"2021-07-07T00:01:28","slug":"italia-gana-4-2-a-espana-y-pasa-a-la-semifinal-de-la-eurocopa","status":"publish","type":"post","link":"https:\/\/www.acapulcopress.com\/index.php\/2021\/07\/06\/italia-gana-4-2-a-espana-y-pasa-a-la-semifinal-de-la-eurocopa\/","title":{"rendered":"Italia gana 4-2 a Espa\u00f1a y pasa a la semifinal de la Eurocopa"},"content":{"rendered":"<p style=\"text-align: justify;\">LONDRES * 6 de julio de 2021.<br \/>\n<em>) <a href=\"https:\/\/apnews.com\/article\/deportes-2f353034b3a224e926812aae2a3fb40c\" target=\"_blank\" rel=\"noopener\">AP<\/a>.<\/em><\/p>\n<p style=\"text-align: justify;\">Jorginho encar\u00f3 la situaci\u00f3n como siempre, con pura frialdad.<\/p>\n<figure id=\"attachment_1230667\" aria-describedby=\"caption-attachment-1230667\" style=\"width: 375px\" class=\"wp-caption alignleft\"><img loading=\"lazy\" decoding=\"async\" class=\"wp-image-1230667 size-medium\" src=\"https:\/\/www.acapulco.press\/wp-content\/uploads\/2021\/07\/Federico-Chiesa-Italia-375x250.jpeg\" alt=\"\" width=\"375\" height=\"250\" \/><figcaption id=\"caption-attachment-1230667\" class=\"wp-caption-text\"><strong>Federico Chiesa<\/strong> (Italia)<\/figcaption><\/figure>\n<p style=\"text-align: justify;\">Frente a una multitud de hinchas italianos que se mord\u00edan las u\u00f1as detr\u00e1s del arco en el estadio Wembley, el volante nacido en Brasil dio su acostumbrado saltito justo antes del disparo, empujando el bal\u00f3n al \u00e1ngulo inferior.<\/p>\n<p style=\"text-align: justify;\">Nada de presi\u00f3n en una definici\u00f3n por penales en la semifinal del Campeonato Europeo.<\/p>\n<p style=\"text-align: justify;\">Los Azzurri derrotaron el martes 4-2 a Espa\u00f1a en una tanda desde los 12 pasos para acceder a la final, donde se las ver\u00e1n contra Inglaterra o Dinamarca en el mismo escenario el domingo.<\/p>\n<p style=\"text-align: justify;\">\u201cEsto no se ha acabado, ahora vamos a por la final\u201d, dijo el t\u00e9cnico de Italia Roberto Mancini.<\/p>\n<figure id=\"attachment_1230668\" aria-describedby=\"caption-attachment-1230668\" style=\"width: 375px\" class=\"wp-caption alignleft\"><img loading=\"lazy\" decoding=\"async\" class=\"wp-image-1230668 size-medium\" src=\"https:\/\/www.acapulco.press\/wp-content\/uploads\/2021\/07\/Gianluigi-Donnarumma-Italia-375x248.jpeg\" alt=\"\" width=\"375\" height=\"248\" \/><figcaption id=\"caption-attachment-1230668\" class=\"wp-caption-text\"><strong>Gianluigi Donnarumma<\/strong> (Italia)<\/figcaption><\/figure>\n<p style=\"text-align: justify;\">Italia se adelant\u00f3 a los 60 minutos con una estupenda definici\u00f3n de Federico Chiesa. El extremo clav\u00f3 el bal\u00f3n con un efecto combado al segundo palo, en medio de los zagueros espa\u00f1oles Aymeric Laporte y Eric Garc\u00eda.<\/p>\n<p style=\"text-align: justify;\">\u00c1lvaro Morata, tras ingresar como suplente, nivel\u00f3 a los 80 tras una bonita combinaci\u00f3n de pases con su compa\u00f1ero de ataque Dani Olmo. Su remate rasante bati\u00f3 al arquero italiano Gianluigi Donnarumma.<\/p>\n<p style=\"text-align: justify;\">Morata fall\u00f3 el \u00faltimo remate de Espa\u00f1a en la tanda de penales, dej\u00e1ndole la mesa servida a Jorginho para sentenciar.<\/p>\n<p style=\"text-align: justify;\">En la cresta de la ola de un r\u00e9cord de la selecci\u00f3n con 33 partidos invicta, Italia disputar\u00e1 su cuarta final europea y saldr\u00e1 a conquistar el t\u00edtulo por segunda ocasi\u00f3n tras consagrarse en 1968.<\/p>\n<p style=\"text-align: justify;\">Tambi\u00e9n es la redenci\u00f3n de una escuadra que no pudo clasificarse a la Copa del Mundo de 2018.<\/p>\n<figure id=\"attachment_1230666\" aria-describedby=\"caption-attachment-1230666\" style=\"width: 375px\" class=\"wp-caption alignleft\"><img loading=\"lazy\" decoding=\"async\" class=\"wp-image-1230666 size-medium\" src=\"https:\/\/www.acapulco.press\/wp-content\/uploads\/2021\/07\/Alvaro-Morata-Espana-375x250.jpeg\" alt=\"\" width=\"375\" height=\"250\" \/><figcaption id=\"caption-attachment-1230666\" class=\"wp-caption-text\"><strong>\u00c1lvaro Morata<\/strong> (Espa\u00f1a)<\/figcaption><\/figure>\n<p style=\"text-align: justify;\">Desde el primer d\u00eda de la Euro 2020, los italianos han tenido la aureola de equipo con ambici\u00f3n de campeones y seguir\u00e1n hasta el \u00faltimo d\u00eda en Wembley.<\/p>\n<p style=\"text-align: justify;\">\u201cEspa\u00f1a estuvo genial, pero pusimos el coraz\u00f3n de los italianos\u201d, dijo el central italiano Leonardo Bonucci. \u201cVolveremos a estar aqu\u00ed. Ahora tenemos que poner esa picard\u00eda para traer a casa algo que faltaba desde hace 50 a\u00f1os\u201d.<\/p>\n<p style=\"text-align: justify;\">En el estadio nacional de Inglaterra, los italianos han disputado dos partidos de sufrido tr\u00e1mite.<\/p>\n<p style=\"text-align: justify;\">Contra Austria en los octavos de final, tambi\u00e9n se fueron a una pr\u00f3rroga y tuvieron que jugar otros 120 minutos frente a la Roja ib\u00e9rica.<\/p>\n<p style=\"text-align: justify;\">Una formaci\u00f3n sin delantero fijo de Espa\u00f1a desconcert\u00f3 a los Azzurri en los primeros compases.<\/p>\n<p style=\"text-align: justify;\">Los experimentados centrales italianos Giorgio Chiellini y Bonucci titubearon por varios pasajes, confundidos sobre si deb\u00edan retroceder o no perderle la pista a Olmo \u2014 inesperado referente del ataque espa\u00f1ol \u2014 en la medular.<\/p>\n<p style=\"text-align: justify;\">Sufrieron m\u00e1s cuando Morata ingres\u00f3 tras al gol de Chiesa. El delantero gener\u00f3 zozobra constante a una zaga italiana que hac\u00eda agua.<\/p>\n<p style=\"text-align: justify;\">\u201cAl principio cost\u00f3 en este sentido\u201d, dijo Mancini sobre el planteamiento espa\u00f1ol. \u201cPero luego encontramos las coordenadas correctas\u201d.<\/p>\n<p style=\"text-align: justify;\">Vilipendiado todo el torneo por malograr ocasiones frente al arco contrario, Morata derroch\u00f3 temple al definir de zurda tras tirar la pared con Olmo.<\/p>\n<p style=\"text-align: justify;\">Morata sujet\u00f3 la c\u00e1mara situada detr\u00e1s del arco y grit\u00f3 frente a la misma.<\/p>\n<p style=\"text-align: justify;\">Pero no no pudo encontrar un sitio para esconderse tras convertirse en el segundo espa\u00f1ol que fall\u00f3 en la tanda de penales, despu\u00e9s de Olmo.<\/p>\n<p style=\"text-align: justify;\">Italia emprendi\u00f3 la definici\u00f3n con el disparo de Manuel Locatelli siendo atajado por Unai Sim\u00f3n, pero Andrea Bellotti, Bonucci y Federico Bernadeschi acabaron facturando sus disparos antes de Jorginho.<\/p>\n<p style=\"text-align: justify;\">Espa\u00f1a, tres veces campeona de Europa, cay\u00f3 por primera vez en las semifinales del torneo continental.<\/p>\n<p style=\"text-align: justify;\">\u201cNos vamos a casa con la tranquilidad de haber estado con los mejores\u201d, dijo Luis Enrique. \u201cNo tengo ning\u00fan reproche, al contrario, hemos demostrado que somos un buen equipo\u201d.<\/p>\n","protected":false},"excerpt":{"rendered":"<p>LONDRES * 6 de julio de 2021. ) AP. Jorginho encar\u00f3 la situaci\u00f3n como siempre, con pura frialdad. Frente a una multitud de hinchas italianos que se mord\u00edan las u\u00f1as detr\u00e1s del arco en el estadio Wembley, el volante nacido en Brasil dio su acostumbrado saltito justo antes del disparo, empujando el bal\u00f3n al \u00e1ngulo&#8230;<\/p>\n","protected":false},"author":2,"featured_media":1230669,"comment_status":"closed","ping_status":"closed","sticky":false,"template":"","format":"standard","meta":{"footnotes":""},"categories":[1972,1988,18566],"tags":[5052,8143,8222,9192,9212,10949],"class_list":["post-1230663","post","type-post","status-publish","format-standard","has-post-thumbnail","hentry","category-special","category-lifestyles","category-sports-lifestyles","tag-campeonato-europeo-2020","tag-estadio-wembley","tag-eurocopa-2020","tag-gianluigi-donnarumma","tag-giorgio-chiellini","tag-jorginho"],"_links":{"self":[{"href":"https:\/\/www.acapulcopress.com\/index.php\/wp-json\/wp\/v2\/posts\/1230663","targetHints":{"allow":["GET"]}}],"collection":[{"href":"https:\/\/www.acapulcopress.com\/index.php\/wp-json\/wp\/v2\/posts"}],"about":[{"href":"https:\/\/www.acapulcopress.com\/index.php\/wp-json\/wp\/v2\/types\/post"}],"author":[{"embeddable":true,"href":"https:\/\/www.acapulcopress.com\/index.php\/wp-json\/wp\/v2\/users\/2"}],"replies":[{"embeddable":true,"href":"https:\/\/www.acapulcopress.com\/index.php\/wp-json\/wp\/v2\/comments?post=1230663"}],"version-history":[{"count":0,"href":"https:\/\/www.acapulcopress.com\/index.php\/wp-json\/wp\/v2\/posts\/1230663\/revisions"}],"wp:featuredmedia":[{"embeddable":true,"href":"https:\/\/www.acapulcopress.com\/index.php\/wp-json\/"}],"wp:attachment":[{"href":"https:\/\/www.acapulcopress.com\/index.php\/wp-json\/wp\/v2\/media?parent=1230663"}],"wp:term":[{"taxonomy":"category","embeddable":true,"href":"https:\/\/www.acapulcopress.com\/index.php\/wp-json\/wp\/v2\/categories?post=1230663"},{"taxonomy":"post_tag","embeddable":true,"href":"https:\/\/www.acapulcopress.com\/index.php\/wp-json\/wp\/v2\/tags?post=1230663"}],"curies":[{"name":"wp","href":"https:\/\/api.w.org\/{rel}","templated":true}]}}