{"id":1230674,"date":"2021-07-06T20:45:42","date_gmt":"2021-07-07T01:45:42","guid":{"rendered":"https:\/\/www.acapulco.press\/?p=1230674"},"modified":"2021-07-06T20:45:42","modified_gmt":"2021-07-07T01:45:42","slug":"juegos-de-tokio-un-espectaculo-exclusivo-para-la-television","status":"publish","type":"post","link":"https:\/\/www.acapulcopress.com\/index.php\/2021\/07\/06\/juegos-de-tokio-un-espectaculo-exclusivo-para-la-television\/","title":{"rendered":"Juegos de Tokio, un espect\u00e1culo exclusivo para la televisi\u00f3n"},"content":{"rendered":"<p style=\"text-align: justify;\">TOKIO * 6 de julio de 2021.<br \/>\n<em>)<a href=\"https:\/\/apnews.com\/article\/deportes-bb866fbacf186c85abf248bf2f197a1d\" target=\"_blank\" rel=\"noopener\"> AP<\/a>.<\/em><\/p>\n<p style=\"text-align: justify;\">Los Juegos Ol\u00edmpicos de Tokio se perfilan como un evento estrictamente televisivo, si acaso con un pu\u00f1ado de espectadores presentes, cuando sean inaugurados dentro de dos semanas.<\/p>\n<p style=\"text-align: justify;\">El diario japon\u00e9s Asahi, que cit\u00f3 m\u00faltiples fuentes gubernamentales no identificadas, inform\u00f3 el martes que la ceremonia de apertura en el Estadio Nacional \u2014 con 68.000 butacas \u2014 quedar\u00e1 restringida a invitados especiales (VIP). Las aplazadas justas de verano ser\u00e1n inauguradas el 23 de julio.<\/p>\n<p style=\"text-align: justify;\">Asahi a\u00f1adi\u00f3 que otros escenarios de magnitud tampoco podr\u00edan abrir sus puertas para el p\u00fablico. Sitios m\u00e1s chicos podr\u00edan recibir una cierta cantidad de aficionados.<\/p>\n<p style=\"text-align: justify;\">Se prev\u00e9 que los organizadores de Tokio y el Comit\u00e9 Ol\u00edmpico Internacional anuncien la pol\u00edtica tras una reuni\u00f3n el jueves.<\/p>\n<p style=\"text-align: justify;\">Hace dos semanas, se anunci\u00f3 que las sedes podr\u00edan tener una capacidad m\u00e1xima de 50%, teniendo un techo de 10.000 espectadores. Pero el incremento de los casos de coronavirus en Tokio ha forzado replantear la situaci\u00f3n.<\/p>\n<p style=\"text-align: justify;\">El COI embolsa casi el 75% de sus ingresos por los derechos de televisi\u00f3n, y podr\u00eda generar entre 3.000 y 4.000 millones de d\u00f3lares en ingresos con unas justas solo para la TV.<\/p>\n<p style=\"text-align: justify;\">Los espectadores extranjeros fueron vetados hace varios meses atr\u00e1s.<\/p>\n<p style=\"text-align: justify;\">El doctor Shigeru Omi, un prominente asesor m\u00e9dico del gobierno, dijo que la opci\u00f3n con menos riesgo es realizar los Juegos sin p\u00fablico. Tambi\u00e9n calific\u00f3 de \u201canormal\u201d celebrar los Juegos durante una pandemia.<\/p>\n<p style=\"text-align: justify;\">Asahi inform\u00f3 que el edicto de competiciones sin espectadores podr\u00eda aplicarse desde las 9 de la noche y en escenarios amplios donde el 50% de capacidad excede los 5.000.<\/p>\n<p style=\"text-align: justify;\">Los invitados especiales, patrocinadores y otros dignatarios podr\u00e1n acudir a la ceremonia de apertura y otras sedes, pero Asahi indic\u00f3 que esas cifras tambi\u00e9n ser\u00e1n reducidas. El diario se\u00f1al\u00f3 que esta \u201ccategor\u00eda especial\u201d era de 10.000 personas.<\/p>\n<p style=\"text-align: justify;\">El director ejecutivo del comit\u00e9 organizador, Toshiro Muto, dijo hace dos semanas que los VIP podr\u00e1n ingresar a las sedes \u2014excediendo el l\u00edmite fijado para p\u00fablico\u2014 al estar catalogados como \u201corganizadores\u201d y no espectadores.<\/p>\n<p style=\"text-align: justify;\">\u201cSon muchas las personas involucrados en el COI. Gente relacionada con clientes clave. Y a esa gente se le considera como organizadores de los juegos y no son espectadores\u201d, dijo Muto.<\/p>\n<p style=\"text-align: justify;\">Yoshiro Mori, el expresidente del comit\u00e9 organizador, dijo en una entrevista con la cadena de televisi\u00f3n japonesa TBS que hab\u00eda sugerido la idea de unas competencias sin p\u00fablico a otros dirigentes del gobernante Partido Liberal Democr\u00e1tico.<\/p>\n<p style=\"text-align: justify;\">\u201cLo que dije fue que deb\u00edamos organizar planes en caso de no poder tener p\u00fablico\u201d, se\u00f1al\u00f3.<\/p>\n<p style=\"text-align: justify;\">Mori, un ex primer ministro, renunci\u00f3 hace cinco meses como presidente del comit\u00e9 organizador por unos comentarios considerados como sexistas.<\/p>\n<p style=\"text-align: justify;\">Alrededor de 11.000 atletas ol\u00edmpicos y paraol\u00edmpicos vendr\u00e1n a Tokio, acompa\u00f1ados por decenas de miles de entrenadores, jueces, dirigentes y periodistas.<\/p>\n<p style=\"text-align: justify;\">La decisi\u00f3n sobre el p\u00fablico podr\u00eda anunciarse en el mismo d\u00eda, jueves, que el presidente del COI Thomas Bach llegar\u00e1 a Tokio. Bach pasar\u00e1 su tres primeros d\u00edas bajo cuarentena en un hotel cinco estrellas de Tokio.<\/p>\n<p style=\"text-align: justify;\">Tambi\u00e9n se espera que el gobierno extienda esta semana un cuasi estado de emergencia, que deber\u00eda culminar el domingo.<\/p>\n<p style=\"text-align: justify;\">El gobierno de Tokio report\u00f3 el martes de 593 casos de coronavirus. Fue el 17mo d\u00eda seguidos que los casos superaron la cantidad de la semana previa. El s\u00e1bado, la capital report\u00f3 716 nuevos casos, la mayor cantidad en cinco semanas.<\/p>\n<p style=\"text-align: justify;\">Adem\u00e1s, las autoridades de Tokio confirmaron el martes que decidieron sacar el relevo de la antorcha ol\u00edmpica en todos los tramos que se hab\u00edan previsto en la capital. Esas etapas iban a comenzar el viernes. La excepci\u00f3n ser\u00e1 para eventos en peque\u00f1as islas que est\u00e1n fuera del territorio principal.<\/p>\n","protected":false},"excerpt":{"rendered":"<p>TOKIO * 6 de julio de 2021. ) AP. Los Juegos Ol\u00edmpicos de Tokio se perfilan como un evento estrictamente televisivo, si acaso con un pu\u00f1ado de espectadores presentes, cuando sean inaugurados dentro de dos semanas. El diario japon\u00e9s Asahi, que cit\u00f3 m\u00faltiples fuentes gubernamentales no identificadas, inform\u00f3 el martes que la ceremonia de apertura&#8230;<\/p>\n","protected":false},"author":2,"featured_media":1230675,"comment_status":"closed","ping_status":"closed","sticky":false,"template":"","format":"standard","meta":{"footnotes":""},"categories":[1988,18566],"tags":[6236,11276,17326],"class_list":["post-1230674","post","type-post","status-publish","format-standard","has-post-thumbnail","hentry","category-lifestyles","category-sports-lifestyles","tag-comite-olimpico-internacional","tag-juegos-olimpicos-de-tokio","tag-toshiro-muto"],"_links":{"self":[{"href":"https:\/\/www.acapulcopress.com\/index.php\/wp-json\/wp\/v2\/posts\/1230674","targetHints":{"allow":["GET"]}}],"collection":[{"href":"https:\/\/www.acapulcopress.com\/index.php\/wp-json\/wp\/v2\/posts"}],"about":[{"href":"https:\/\/www.acapulcopress.com\/index.php\/wp-json\/wp\/v2\/types\/post"}],"author":[{"embeddable":true,"href":"https:\/\/www.acapulcopress.com\/index.php\/wp-json\/wp\/v2\/users\/2"}],"replies":[{"embeddable":true,"href":"https:\/\/www.acapulcopress.com\/index.php\/wp-json\/wp\/v2\/comments?post=1230674"}],"version-history":[{"count":0,"href":"https:\/\/www.acapulcopress.com\/index.php\/wp-json\/wp\/v2\/posts\/1230674\/revisions"}],"wp:featuredmedia":[{"embeddable":true,"href":"https:\/\/www.acapulcopress.com\/index.php\/wp-json\/"}],"wp:attachment":[{"href":"https:\/\/www.acapulcopress.com\/index.php\/wp-json\/wp\/v2\/media?parent=1230674"}],"wp:term":[{"taxonomy":"category","embeddable":true,"href":"https:\/\/www.acapulcopress.com\/index.php\/wp-json\/wp\/v2\/categories?post=1230674"},{"taxonomy":"post_tag","embeddable":true,"href":"https:\/\/www.acapulcopress.com\/index.php\/wp-json\/wp\/v2\/tags?post=1230674"}],"curies":[{"name":"wp","href":"https:\/\/api.w.org\/{rel}","templated":true}]}}