{"id":1230680,"date":"2021-07-06T21:33:21","date_gmt":"2021-07-07T02:33:21","guid":{"rendered":"https:\/\/www.acapulco.press\/?p=1230680"},"modified":"2021-07-06T21:33:21","modified_gmt":"2021-07-07T02:33:21","slug":"asesinan-a-activista-y-catecista-de-simojovel-chiapas","status":"publish","type":"post","link":"https:\/\/www.acapulcopress.com\/index.php\/2021\/07\/06\/asesinan-a-activista-y-catecista-de-simojovel-chiapas\/","title":{"rendered":"Asesinan a activista y catecista de Simojovel, Chiapas"},"content":{"rendered":"<p style=\"text-align: justify;\">SIMOJOVEL, Chiapas * 6 de julio de 2021.<br \/>\n<em>) <a href=\"https:\/\/apnews.com\/article\/noticias-757040056c2ac6dcbefa87ba852b5229\" target=\"_blank\" rel=\"noopener\">AP<\/a>.<\/em><\/p>\n<p style=\"text-align: justify;\">El Centro de Derechos Humanos Fray Bartolom\u00e9 de las Casas indic\u00f3 en un comunicado que Sim\u00f3n Pedro P\u00e9rez L\u00f3pez fue baleado el lunes cuando iba acompa\u00f1ado de su hijo a hacer compras en el mercado. \u201cEl perpetrador iba en una motocicleta en movimiento desde donde le dispar\u00f3 de manera directa\u201d, agreg\u00f3 la nota.<\/p>\n<p style=\"text-align: justify;\">Seg\u00fan inform\u00f3 la Fiscal\u00eda de Chiapas en un comunicado, el activista recibi\u00f3 un disparo en la cabeza y otras dos personas fueron heridas en el ataque. Los tres fueron trasladados al hospital, donde P\u00e9rez L\u00f3pez muri\u00f3.<\/p>\n<p style=\"text-align: justify;\">Marcelo P\u00e9rez, sacerdote de la localidad de Simojovel -donde ocurri\u00f3 el crimen-, dijo que el ataque es consecuencia de la injusticia, el narcotr\u00e1fico y el crimen organizado que existen en la zona. \u201cSimon Pedro es inocente, luch\u00f3 pac\u00edficamente\u2026 que sea semilla para despertar la conciencia de luchar por la paz\u201d pero sin caer en la venganza, pidi\u00f3.<\/p>\n<p style=\"text-align: justify;\">En esa zona de los Altos de Chiapas hay una fuerte actividad de grupos armados vinculados con el crimen organizado.<\/p>\n<p style=\"text-align: justify;\">El homicidio tuvo lugar el mismo d\u00eda en que la fiscal\u00eda del estado de Sonora, en la otra punta del pa\u00eds, inform\u00f3 que un grupo criminal fue el responsable del asesinato de otro activista, Tom\u00e1s Rojo Valencia, defensor de los derechos de los yaquis. Rojo Valencia desapareci\u00f3 el 27 de mayo luego de meses de tensiones debido a los bloqueos carreteros que realizaron los yaquis en protesta contra los gasoductos, acueductos y l\u00edneas ferroviarias que se construyeron a trav\u00e9s de su territorio sin consultarlos o beneficiarlos.<\/p>\n<p style=\"text-align: justify;\">P\u00e9rez L\u00f3pez tambi\u00e9n era un ind\u00edgena defensor de los derechos humanos, catequista de una parroquia e integrante de la Organizaci\u00f3n Sociedad Civil Las Abejas de Acteal, un grupo creado para exigir justicia en esa regi\u00f3n tras la masacre de 45 ind\u00edgenas en la iglesia de la comunidad de Acteal en 1997.<\/p>\n<p style=\"text-align: justify;\">Al condenar el asesinato de P\u00e9rez L\u00f3pez la Comisi\u00f3n Nacional de Derechos Humanos de M\u00e9xico exhort\u00f3 el martes a la Fiscal\u00eda de Chiapas a realizar una investigaci\u00f3n \u201ceficiente, pronta e imparcial\u201d en la que se identifique y localice a los autores materiales e intelectuales del homicidio. La comisi\u00f3n dijo en un comunicado que durante este a\u00f1o han sido asesinados 12 activistas.<\/p>\n","protected":false},"excerpt":{"rendered":"<p>SIMOJOVEL, Chiapas * 6 de julio de 2021. ) AP. El Centro de Derechos Humanos Fray Bartolom\u00e9 de las Casas indic\u00f3 en un comunicado que Sim\u00f3n Pedro P\u00e9rez L\u00f3pez fue baleado el lunes cuando iba acompa\u00f1ado de su hijo a hacer compras en el mercado. \u201cEl perpetrador iba en una motocicleta en movimiento desde donde&#8230;<\/p>\n","protected":false},"author":2,"featured_media":1230681,"comment_status":"closed","ping_status":"closed","sticky":false,"template":"","format":"standard","meta":{"footnotes":""},"categories":[1969,2005],"tags":[5498,16633],"class_list":["post-1230680","post","type-post","status-publish","format-standard","has-post-thumbnail","hentry","category-trending","category-seguridad-y-justicia","tag-centro-de-derechos-humanos-fray-bartolome-de-las-casas","tag-simon-pedro-perez-lopez"],"_links":{"self":[{"href":"https:\/\/www.acapulcopress.com\/index.php\/wp-json\/wp\/v2\/posts\/1230680","targetHints":{"allow":["GET"]}}],"collection":[{"href":"https:\/\/www.acapulcopress.com\/index.php\/wp-json\/wp\/v2\/posts"}],"about":[{"href":"https:\/\/www.acapulcopress.com\/index.php\/wp-json\/wp\/v2\/types\/post"}],"author":[{"embeddable":true,"href":"https:\/\/www.acapulcopress.com\/index.php\/wp-json\/wp\/v2\/users\/2"}],"replies":[{"embeddable":true,"href":"https:\/\/www.acapulcopress.com\/index.php\/wp-json\/wp\/v2\/comments?post=1230680"}],"version-history":[{"count":0,"href":"https:\/\/www.acapulcopress.com\/index.php\/wp-json\/wp\/v2\/posts\/1230680\/revisions"}],"wp:featuredmedia":[{"embeddable":true,"href":"https:\/\/www.acapulcopress.com\/index.php\/wp-json\/"}],"wp:attachment":[{"href":"https:\/\/www.acapulcopress.com\/index.php\/wp-json\/wp\/v2\/media?parent=1230680"}],"wp:term":[{"taxonomy":"category","embeddable":true,"href":"https:\/\/www.acapulcopress.com\/index.php\/wp-json\/wp\/v2\/categories?post=1230680"},{"taxonomy":"post_tag","embeddable":true,"href":"https:\/\/www.acapulcopress.com\/index.php\/wp-json\/wp\/v2\/tags?post=1230680"}],"curies":[{"name":"wp","href":"https:\/\/api.w.org\/{rel}","templated":true}]}}