{"id":1230694,"date":"2021-07-06T22:48:52","date_gmt":"2021-07-07T03:48:52","guid":{"rendered":"https:\/\/www.acapulco.press\/?p=1230694"},"modified":"2021-07-06T22:48:52","modified_gmt":"2021-07-07T03:48:52","slug":"niegan-libertad-a-jeanine-anez-expresidenta-de-bolivia","status":"publish","type":"post","link":"https:\/\/www.acapulcopress.com\/index.php\/2021\/07\/06\/niegan-libertad-a-jeanine-anez-expresidenta-de-bolivia\/","title":{"rendered":"Niegan libertad a Jeanine \u00c1\u00f1ez, expresidenta de Bolivia"},"content":{"rendered":"<p style=\"text-align: justify;\">LA PAZ, Bolivia. * 6 de julio de 2021.<br \/>\n) AP.<\/p>\n<p style=\"text-align: justify;\">El Ministerio P\u00fablico de Bolivia anunci\u00f3 el martes el inicio de una investigaci\u00f3n en contra de la expresidenta interina Jeanine \u00c1\u00f1ez por las muertes de simpatizantes de Evo Morales en la crisis poselectoral de 2019. En paralelo, un juez le neg\u00f3 nuevamente un pedido de libertad.<\/p>\n<p style=\"text-align: justify;\">El fiscal general Juan Lanchipa explic\u00f3 en rueda de prensa que el inicio de las investigaciones fueron admitidas despu\u00e9s de que 20 personas realizaron denuncias sobre los \u201chechos luctuosos registrados en Senkata y Sacaba en noviembre de 2019 por los delitos de genocidio, lesiones graves y lesiones seguidas de muerte\u201d. A\u00f1adi\u00f3 que \u201cen caso de que corresponda, se remitir\u00e1 la correspondiente petici\u00f3n acusatoria a la Asamblea Legislativa Plurinacional para la posterior autorizaci\u00f3n de juicio de responsabilidades\u201d.<\/p>\n<p style=\"text-align: justify;\">\u00c1\u00f1ez ha pasado m\u00e1s de 100 d\u00edas detenida en una c\u00e1rcel de manera preventiva por otra investigaci\u00f3n: un supuesto caso de terrorismo, sedici\u00f3n y conspiraci\u00f3n cuando fue senadora, antes de asumir la presidencia. Desde marzo, la Fiscal\u00eda no ha concluido la primera investigaci\u00f3n y presentado pruebas sobre el caso.<\/p>\n<p style=\"text-align: justify;\">\u201cNo quiero escapar a los procesos, pero hemos llegado al punto de rogar por un cambio: c\u00e1rcel por casa\u201d, dijo \u00c1\u00f1ez en su audiencia antes de que el juez le negara el pedido de libertad.<\/p>\n<p style=\"text-align: justify;\">Por el mismo caso, dos exministros y dos jefes militares fueron enviados a la c\u00e1rcel mientras que el entonces comandante de las Fuerzas Armadas, William Kaliman, est\u00e1 bajo arresto domiciliario.<\/p>\n<p style=\"text-align: justify;\">El excomandante de la Fuerza \u00c1rea de Bolivia, el general Gonzalo Terceros, declar\u00f3 ante la Fiscal\u00eda que Morales y su entonces vicepresidente, \u00c1lvaro Garc\u00eda Linera, amenazaron con que afines a su partido pod\u00edan haber quemado La Paz porque buscaban salir a M\u00e9xico. Posteriormente Morales se fue exiliado a Argentina y desde all\u00ed retorn\u00f3 al pa\u00eds el a\u00f1o pasado.<\/p>\n<p style=\"text-align: justify;\">La oposici\u00f3n ha pedido que Morales sea incluido en la investigaci\u00f3n.<\/p>\n<p style=\"text-align: justify;\">La crisis tras las elecciones de 2019 deriv\u00f3 en la renuncia de Morales y 36 fallecidos tras las protestas entre simpatizantes y cr\u00edticos al exmandatario.<\/p>\n<p style=\"text-align: justify;\">El caso ha generado una confrontaci\u00f3n entre la oposici\u00f3n \u2014que acusa a Morales de haber montado un supuesto fraude electoral en octubre de 2019 para reelegirse por cuarta vez\u2014 y su heredero pol\u00edtico, el actual presidente, Luis Arce, cuyo partido Movimiento al Socialismo (MAS) acusa a opositores y militares de haber perpetrado un golpe de Estado.<\/p>\n<p style=\"text-align: justify;\">En tanto, en el pa\u00eds se espera la investigaci\u00f3n del Grupo Interdisciplinario de Expertos Independientes (GIEI \u2013Bolivia), conformado por seis expertos que arribaron al pa\u00eds el 23 de noviembre, quienes se reunieron con las familias de los fallecidos y exautoridades entre otros.<\/p>\n","protected":false},"excerpt":{"rendered":"<p>LA PAZ, Bolivia. * 6 de julio de 2021. ) AP. El Ministerio P\u00fablico de Bolivia anunci\u00f3 el martes el inicio de una investigaci\u00f3n en contra de la expresidenta interina Jeanine \u00c1\u00f1ez por las muertes de simpatizantes de Evo Morales en la crisis poselectoral de 2019. En paralelo, un juez le neg\u00f3 nuevamente un pedido&#8230;<\/p>\n","protected":false},"author":2,"featured_media":1230695,"comment_status":"closed","ping_status":"closed","sticky":false,"template":"","format":"standard","meta":{"footnotes":""},"categories":[2019],"tags":[],"class_list":["post-1230694","post","type-post","status-publish","format-standard","has-post-thumbnail","hentry","category-popular-news"],"_links":{"self":[{"href":"https:\/\/www.acapulcopress.com\/index.php\/wp-json\/wp\/v2\/posts\/1230694","targetHints":{"allow":["GET"]}}],"collection":[{"href":"https:\/\/www.acapulcopress.com\/index.php\/wp-json\/wp\/v2\/posts"}],"about":[{"href":"https:\/\/www.acapulcopress.com\/index.php\/wp-json\/wp\/v2\/types\/post"}],"author":[{"embeddable":true,"href":"https:\/\/www.acapulcopress.com\/index.php\/wp-json\/wp\/v2\/users\/2"}],"replies":[{"embeddable":true,"href":"https:\/\/www.acapulcopress.com\/index.php\/wp-json\/wp\/v2\/comments?post=1230694"}],"version-history":[{"count":0,"href":"https:\/\/www.acapulcopress.com\/index.php\/wp-json\/wp\/v2\/posts\/1230694\/revisions"}],"wp:featuredmedia":[{"embeddable":true,"href":"https:\/\/www.acapulcopress.com\/index.php\/wp-json\/"}],"wp:attachment":[{"href":"https:\/\/www.acapulcopress.com\/index.php\/wp-json\/wp\/v2\/media?parent=1230694"}],"wp:term":[{"taxonomy":"category","embeddable":true,"href":"https:\/\/www.acapulcopress.com\/index.php\/wp-json\/wp\/v2\/categories?post=1230694"},{"taxonomy":"post_tag","embeddable":true,"href":"https:\/\/www.acapulcopress.com\/index.php\/wp-json\/wp\/v2\/tags?post=1230694"}],"curies":[{"name":"wp","href":"https:\/\/api.w.org\/{rel}","templated":true}]}}