{"id":1230700,"date":"2021-07-06T23:08:56","date_gmt":"2021-07-07T04:08:56","guid":{"rendered":"https:\/\/www.acapulco.press\/?p=1230700"},"modified":"2021-07-06T23:08:56","modified_gmt":"2021-07-07T04:08:56","slug":"fge-un-pederasta-una-extorsionadora-y-un-homicida-formalmente-presos","status":"publish","type":"post","link":"https:\/\/www.acapulcopress.com\/index.php\/2021\/07\/06\/fge-un-pederasta-una-extorsionadora-y-un-homicida-formalmente-presos\/","title":{"rendered":"FGE | Un pederasta, una extorsionadora y un homicida formalmente presos"},"content":{"rendered":"<p style=\"text-align: justify;\">CHILPANCINGO, Gro. * 6 de julio de 2021.<br \/>\n<em>) <a href=\"https:\/\/fiscaliaguerrero.gob.mx\" target=\"_blank\" rel=\"noopener\">https:\/\/fiscaliaguerrero.gob.mx<\/a>.<\/em><\/p>\n<p style=\"text-align: justify;\">Polic\u00edas ministeriales adscritos a la Agencia Especializada en Delitos Sexuales y Violencia Familiar de Acapulco, dieron cumplimiento a la orden de aprehensi\u00f3n en contra de Carlos Alberto \u00abN\u00bb, acusado como probable responsable del delito de abuso sexual a personas menores de edad.<\/p>\n<p style=\"text-align: justify;\">El detenido es se\u00f1alado en la carpeta judicial C-497\/2021 como quien hizo tocamientos inapropiados a la menor cuando su progenitora la dejaba en casa de familiares para su cuidado.<\/p>\n<p style=\"text-align: justify;\">Se obtuvo la orden de aprehensi\u00f3n y fue cumplimentada en contra de Carlos Alberto \u00abN\u00bb, siendo detenido y quedando a disposici\u00f3n del Juez de Control y Enjuiciamiento Penal.<\/p>\n<p style=\"text-align: justify;\">La Fiscal\u00eda General del Estado continuar\u00e1 investigando los delitos del fuero com\u00fan y con especial seguimiento los cometidos en temas de igualdad de g\u00e9nero y menores de edad en el estado de Guerrero.<\/p>\n<p>EXTORSIONADORA CONDENADA A 11 A\u00d1OS DE C\u00c1RCEL<\/p>\n<p style=\"text-align: justify;\"><img loading=\"lazy\" decoding=\"async\" class=\"alignleft size-medium wp-image-1230703\" src=\"https:\/\/www.acapulco.press\/wp-content\/uploads\/2021\/07\/FGE-EXTORSIONADORA-375x363.jpg\" alt=\"\" width=\"375\" height=\"363\" \/> El Ministerio p\u00fablico acredit\u00f3 el delito y obtuvo sentencia de 11 a\u00f1os y seis meses de prisi\u00f3n en contra de Guadalupe Janeth \u00abN\u00bb, como culpable y penalmente responsable del delito de extorsi\u00f3n agravada.<\/p>\n<p style=\"text-align: justify;\">De acuerdo a los datos de prueba aportados, se acredit\u00f3 que el d\u00eda 20 de agosto de 2019 la v\u00edctima comenz\u00f3 a recibir v\u00eda mensajer\u00eda instant\u00e1nea (WhatsApp), exigi\u00e9ndole una cantidad de dinero para permitirle trabajar y no ocasionar da\u00f1o alguno al negocio y familiares.<\/p>\n<p style=\"text-align: justify;\">Y mediante operativo implementado por agentes de la Polic\u00eda Ministerial de Acapulco lograron la detenci\u00f3n de Guadalupe Janeth \u00abN\u00bb, en el momento que pretend\u00eda cobrar el dinero, asegur\u00e1ndole la cantidad que ten\u00eda y un arma de fuego.<\/p>\n<p style=\"text-align: justify;\">Desahogado el proceso, con fecha 5 de julio de 2021 el Juez de Control y Enjuiciamiento Penal dict\u00f3 sentencia condenatoria a una pena privativa de su libertad de 11 a\u00f1os y seis meses como responsable de extorsi\u00f3n agravada, quedando para purgar su condena interna en el Centro de Reinserci\u00f3n Social de Acapulco, Guerrero.<\/p>\n<p style=\"text-align: justify;\">APREHENDEN A HOMICIDA EN OMETEPEC<\/p>\n<p style=\"text-align: justify;\">Fiscal\u00eda de Guerrero a trav\u00e9s de la Polic\u00eda Investigadora Ministerial de Ometepec, dio cumplimiento a la orden de aprehensi\u00f3n en contra de quien dijo llamarse Jos\u00e9 \u00abN\u00bb, detenido sobre carretera estatal Ramal-Tlacoachistlahuaca como probable responsable del delito de homicidio en agravio de Emiliano \u00abN\u00bb, quedando a disposici\u00f3n del juez correspondiente.<\/p>\n<p><img loading=\"lazy\" decoding=\"async\" class=\"alignnone wp-image-1230701 \" src=\"https:\/\/www.acapulco.press\/wp-content\/uploads\/2021\/07\/fge-homicida.jpg\" alt=\"\" width=\"804\" height=\"779\" \/><\/p>\n","protected":false},"excerpt":{"rendered":"<p>CHILPANCINGO, Gro. * 6 de julio de 2021. ) https:\/\/fiscaliaguerrero.gob.mx. Polic\u00edas ministeriales adscritos a la Agencia Especializada en Delitos Sexuales y Violencia Familiar de Acapulco, dieron cumplimiento a la orden de aprehensi\u00f3n en contra de Carlos Alberto \u00abN\u00bb, acusado como probable responsable del delito de abuso sexual a personas menores de edad. El detenido es&#8230;<\/p>\n","protected":false},"author":2,"featured_media":1230702,"comment_status":"closed","ping_status":"closed","sticky":false,"template":"","format":"standard","meta":{"footnotes":""},"categories":[1969,2005],"tags":[8703,10946,14737],"class_list":["post-1230700","post","type-post","status-publish","format-standard","has-post-thumbnail","hentry","category-trending","category-seguridad-y-justicia","tag-fiscalia-general-del-estado-de-guerrero-fge","tag-jorge-zuriel-de-los-santos-barrila","tag-policia-ministerial-de-guerrero"],"_links":{"self":[{"href":"https:\/\/www.acapulcopress.com\/index.php\/wp-json\/wp\/v2\/posts\/1230700","targetHints":{"allow":["GET"]}}],"collection":[{"href":"https:\/\/www.acapulcopress.com\/index.php\/wp-json\/wp\/v2\/posts"}],"about":[{"href":"https:\/\/www.acapulcopress.com\/index.php\/wp-json\/wp\/v2\/types\/post"}],"author":[{"embeddable":true,"href":"https:\/\/www.acapulcopress.com\/index.php\/wp-json\/wp\/v2\/users\/2"}],"replies":[{"embeddable":true,"href":"https:\/\/www.acapulcopress.com\/index.php\/wp-json\/wp\/v2\/comments?post=1230700"}],"version-history":[{"count":0,"href":"https:\/\/www.acapulcopress.com\/index.php\/wp-json\/wp\/v2\/posts\/1230700\/revisions"}],"wp:featuredmedia":[{"embeddable":true,"href":"https:\/\/www.acapulcopress.com\/index.php\/wp-json\/"}],"wp:attachment":[{"href":"https:\/\/www.acapulcopress.com\/index.php\/wp-json\/wp\/v2\/media?parent=1230700"}],"wp:term":[{"taxonomy":"category","embeddable":true,"href":"https:\/\/www.acapulcopress.com\/index.php\/wp-json\/wp\/v2\/categories?post=1230700"},{"taxonomy":"post_tag","embeddable":true,"href":"https:\/\/www.acapulcopress.com\/index.php\/wp-json\/wp\/v2\/tags?post=1230700"}],"curies":[{"name":"wp","href":"https:\/\/api.w.org\/{rel}","templated":true}]}}