{"id":1230774,"date":"2021-07-08T19:25:42","date_gmt":"2021-07-09T00:25:42","guid":{"rendered":"https:\/\/www.acapulco.press\/?p=1230774"},"modified":"2021-07-08T19:25:42","modified_gmt":"2021-07-09T00:25:42","slug":"por-violacion-agravada-dan-prision-preventiva-a-violador-de-la-montana","status":"publish","type":"post","link":"https:\/\/www.acapulcopress.com\/index.php\/2021\/07\/08\/por-violacion-agravada-dan-prision-preventiva-a-violador-de-la-montana\/","title":{"rendered":"Por violaci\u00f3n agravada dan prisi\u00f3n preventiva a violador de La Monta\u00f1a"},"content":{"rendered":"<p style=\"text-align: justify;\">CHILPANCINGO. * 8 de julio de 2021.<br \/>\n<em>) <a href=\"https:\/\/fiscaliaguerrero.gob.mx\" target=\"_blank\" rel=\"noopener\">https:\/\/fiscaliaguerrero.gob.mx<\/a>.<\/em><\/p>\n<p style=\"text-align: justify;\">Por el delito de violaci\u00f3n agravada el Ministerio P\u00fablico obtuvo prisi\u00f3n preventiva en contra de Nah\u00fam \u00abN\u00bb, como probable responsable en agravio de f\u00e9mina.<\/p>\n<p style=\"text-align: justify;\">Por hechos en la carpeta judicial C-202\/2021, se\u00f1alado como quien el d\u00eda 15 de febrero de 2019, la v\u00edctima se encontraba en su domicilio y el imputado entr\u00f3 a su habitaci\u00f3n para cometer el delito.<\/p>\n<p style=\"text-align: justify;\">En audiencia inicial se aportaron los datos de prueba por parte del Ministerio P\u00fablico y resolvi\u00f3 con la medida cautelar de prisi\u00f3n preventiva y en espera de la continuaci\u00f3n de la audiencia, quedando interno en el Centro de Reinserci\u00f3n Social.<\/p>\n<p style=\"text-align: justify;\">La Fiscal\u00eda General del Estado continuar\u00e1 investigando los delitos del fuero com\u00fan y con especial seguimiento los cometidos en temas de igualdad de g\u00e9nero y menores de edad en el estado de Guerrero.<\/p>\n","protected":false},"excerpt":{"rendered":"<p>CHILPANCINGO. * 8 de julio de 2021. ) https:\/\/fiscaliaguerrero.gob.mx. Por el delito de violaci\u00f3n agravada el Ministerio P\u00fablico obtuvo prisi\u00f3n preventiva en contra de Nah\u00fam \u00abN\u00bb, como probable responsable en agravio de f\u00e9mina. Por hechos en la carpeta judicial C-202\/2021, se\u00f1alado como quien el d\u00eda 15 de febrero de 2019, la v\u00edctima se encontraba en&#8230;<\/p>\n","protected":false},"author":2,"featured_media":1230775,"comment_status":"closed","ping_status":"closed","sticky":false,"template":"","format":"standard","meta":{"footnotes":""},"categories":[1969,2005],"tags":[8703,10946,14737],"class_list":["post-1230774","post","type-post","status-publish","format-standard","has-post-thumbnail","hentry","category-trending","category-seguridad-y-justicia","tag-fiscalia-general-del-estado-de-guerrero-fge","tag-jorge-zuriel-de-los-santos-barrila","tag-policia-ministerial-de-guerrero"],"_links":{"self":[{"href":"https:\/\/www.acapulcopress.com\/index.php\/wp-json\/wp\/v2\/posts\/1230774","targetHints":{"allow":["GET"]}}],"collection":[{"href":"https:\/\/www.acapulcopress.com\/index.php\/wp-json\/wp\/v2\/posts"}],"about":[{"href":"https:\/\/www.acapulcopress.com\/index.php\/wp-json\/wp\/v2\/types\/post"}],"author":[{"embeddable":true,"href":"https:\/\/www.acapulcopress.com\/index.php\/wp-json\/wp\/v2\/users\/2"}],"replies":[{"embeddable":true,"href":"https:\/\/www.acapulcopress.com\/index.php\/wp-json\/wp\/v2\/comments?post=1230774"}],"version-history":[{"count":0,"href":"https:\/\/www.acapulcopress.com\/index.php\/wp-json\/wp\/v2\/posts\/1230774\/revisions"}],"wp:featuredmedia":[{"embeddable":true,"href":"https:\/\/www.acapulcopress.com\/index.php\/wp-json\/"}],"wp:attachment":[{"href":"https:\/\/www.acapulcopress.com\/index.php\/wp-json\/wp\/v2\/media?parent=1230774"}],"wp:term":[{"taxonomy":"category","embeddable":true,"href":"https:\/\/www.acapulcopress.com\/index.php\/wp-json\/wp\/v2\/categories?post=1230774"},{"taxonomy":"post_tag","embeddable":true,"href":"https:\/\/www.acapulcopress.com\/index.php\/wp-json\/wp\/v2\/tags?post=1230774"}],"curies":[{"name":"wp","href":"https:\/\/api.w.org\/{rel}","templated":true}]}}