{"id":1230794,"date":"2021-07-08T22:38:01","date_gmt":"2021-07-09T03:38:01","guid":{"rendered":"https:\/\/www.acapulco.press\/?p=1230794"},"modified":"2021-07-08T22:38:01","modified_gmt":"2021-07-09T03:38:01","slug":"pese-a-rebrote-de-covid-sep-no-modifica-calendario-escolar-2021-2022","status":"publish","type":"post","link":"https:\/\/www.acapulcopress.com\/index.php\/2021\/07\/08\/pese-a-rebrote-de-covid-sep-no-modifica-calendario-escolar-2021-2022\/","title":{"rendered":"Pese a rebrote de Covid SEP no modifica Calendario Escolar 2021\/2022"},"content":{"rendered":"<p style=\"text-align: justify;\">CIUDAD DE M\u00c9XICO. * 8 de julio de 2021.<br \/>\n<em>)<a href=\"https:\/\/latinus.us\/2021\/07\/08\/sep-no-modifica-calendario-escolar-2021-2022-pese-a-alerta-por-tercera-ola-de-covid\/\" target=\"_blank\" rel=\"noopener\"> Latinus<\/a>.<\/em><\/p>\n<p style=\"text-align: justify;\">La Secretar\u00eda de Educaci\u00f3n P\u00fablica (SEP) insisti\u00f3 este jueves en mantener su calendario escolar con la modalidad de clases presenciales, pese al aumento de casos de la Covid-19 en M\u00e9xico y a las advertencias de organismos como la Organizaci\u00f3n Panamericana de la Salud (OPS), que se\u00f1al\u00f3 que el pa\u00eds vive una tercera ola de contagios de coronavirus.<\/p>\n<p style=\"text-align: justify;\">En la presentaci\u00f3n del pr\u00f3ximo calendario escolar, la titular de la SEP, Delfina G\u00f3mez, se\u00f1al\u00f3 que \u201cse mantiene la expectativa de que el ciclo escolar 2021-2022 inicie de manera presencial en todo el pa\u00eds\u201d. Adem\u00e1s, dijo que el regreso a las aulas estar\u00e1 acompa\u00f1ado del cumplimiento de los protocolos que impusieron las autoridades sanitarias, federales y locales.<\/p>\n<p style=\"text-align: justify;\">El calendario de la SEP que present\u00f3 G\u00f3mez pr\u00e1cticamente no tiene cambios con respecto al que se present\u00f3 en d\u00edas pasados, el cual ten\u00eda contemplado arrancar las clases el 30 de agosto de manera escalonada, y en el que prev\u00e9n la participaci\u00f3n de 21 mil 690 trabajadores de la educaci\u00f3n y casi 215 mil alumnas y alumnos.<\/p>\n<p style=\"text-align: justify;\">Seg\u00fan cifras de la Secretar\u00eda de Salud, entre el martes y el mi\u00e9rcoles de esta semana se agregaron 234 decesos y 8 mil 507 nuevos contagios de la Covid en M\u00e9xico, un pico que no se registraba desde febrero pasado.<\/p>\n<p style=\"text-align: justify;\">Ese mismo mi\u00e9rcoles, Sylvain Aldighieri, gerente de Incidentes de la OPS, asegur\u00f3 que el grupo en el que principalmente se presentan los nuevos contagios de la Covid-19 es el de las personas adultas j\u00f3venes.<\/p>\n<p style=\"text-align: justify;\">\u201cLa Secretar\u00eda de Salud de M\u00e9xico ha compartido con la OPS que en los \u00faltimos d\u00edas se han reportado casi ocho mil nuevos casos. Se ha notado una tendencia en incremento de los casos en los estados de la pen\u00ednsula de Yucat\u00e1n, en Baja California Sur y en la Ciudad de M\u00e9xico\u201c, explic\u00f3 Aldighieri en conferencia de prensa.<\/p>\n<p style=\"text-align: justify;\">Por su parte, la subsecretaria de Educaci\u00f3n B\u00e1sica de la SEP, Martha Velda Hern\u00e1ndez, explic\u00f3 que el cierre de las escuelas produjo \u201cefectos dif\u00edciles de reparar\u201d que repercutieron en la p\u00e9rdida de aprendizajes curriculares y el incremento del abandono escolar en los alumnos.<\/p>\n<p style=\"text-align: justify;\">\u201cHasta ahora no se tiene una dimensi\u00f3n exacta de estos problemas, (pero) resulta imperativo revertir ambas tendencias, tarea en la que contribuir\u00e1 de manera decisiva el regreso a las aulas\u201d, a\u00f1adi\u00f3 la subsecretaria de SEP.<\/p>\n<p style=\"text-align: justify;\">Los planes de que el siguiente ciclo escolar se inicie con clases presenciales contrasta con la postura del Instituto Polit\u00e9cnico Nacional (IPN), que detall\u00f3 que, durante este 2021, no regresar\u00e1n a clases con esa modalidad debido a los posibles cambios en el sem\u00e1foro epidemiol\u00f3gico.<\/p>\n<p style=\"text-align: justify;\">Tanto la SEP como el IPN son organismos que se rigen por las normas del gobierno federal.<\/p>\n","protected":false},"excerpt":{"rendered":"<p>CIUDAD DE M\u00c9XICO. * 8 de julio de 2021. ) Latinus. La Secretar\u00eda de Educaci\u00f3n P\u00fablica (SEP) insisti\u00f3 este jueves en mantener su calendario escolar con la modalidad de clases presenciales, pese al aumento de casos de la Covid-19 en M\u00e9xico y a las advertencias de organismos como la Organizaci\u00f3n Panamericana de la Salud (OPS),&#8230;<\/p>\n","protected":false},"author":2,"featured_media":1230796,"comment_status":"closed","ping_status":"closed","sticky":false,"template":"","format":"standard","meta":{"footnotes":""},"categories":[1969,1972,1989],"tags":[5840,6705,14040,14194,16171],"class_list":["post-1230794","post","type-post","status-publish","format-standard","has-post-thumbnail","hentry","category-trending","category-special","category-noticias-generales","tag-clases-presenciales","tag-covid19","tag-organizacion-panamericana-de-la-salud-ops","tag-pandemia-covid19","tag-secretaria-de-educacion-publica-sep"],"_links":{"self":[{"href":"https:\/\/www.acapulcopress.com\/index.php\/wp-json\/wp\/v2\/posts\/1230794","targetHints":{"allow":["GET"]}}],"collection":[{"href":"https:\/\/www.acapulcopress.com\/index.php\/wp-json\/wp\/v2\/posts"}],"about":[{"href":"https:\/\/www.acapulcopress.com\/index.php\/wp-json\/wp\/v2\/types\/post"}],"author":[{"embeddable":true,"href":"https:\/\/www.acapulcopress.com\/index.php\/wp-json\/wp\/v2\/users\/2"}],"replies":[{"embeddable":true,"href":"https:\/\/www.acapulcopress.com\/index.php\/wp-json\/wp\/v2\/comments?post=1230794"}],"version-history":[{"count":0,"href":"https:\/\/www.acapulcopress.com\/index.php\/wp-json\/wp\/v2\/posts\/1230794\/revisions"}],"wp:featuredmedia":[{"embeddable":true,"href":"https:\/\/www.acapulcopress.com\/index.php\/wp-json\/"}],"wp:attachment":[{"href":"https:\/\/www.acapulcopress.com\/index.php\/wp-json\/wp\/v2\/media?parent=1230794"}],"wp:term":[{"taxonomy":"category","embeddable":true,"href":"https:\/\/www.acapulcopress.com\/index.php\/wp-json\/wp\/v2\/categories?post=1230794"},{"taxonomy":"post_tag","embeddable":true,"href":"https:\/\/www.acapulcopress.com\/index.php\/wp-json\/wp\/v2\/tags?post=1230794"}],"curies":[{"name":"wp","href":"https:\/\/api.w.org\/{rel}","templated":true}]}}