{"id":1230803,"date":"2021-07-08T23:10:42","date_gmt":"2021-07-09T04:10:42","guid":{"rendered":"https:\/\/www.acapulco.press\/?p=1230803"},"modified":"2021-07-08T23:10:42","modified_gmt":"2021-07-09T04:10:42","slug":"habitantes-de-aguililla-michoacan-destruyen-helipuerto-del-ejercito","status":"publish","type":"post","link":"https:\/\/www.acapulcopress.com\/index.php\/2021\/07\/08\/habitantes-de-aguililla-michoacan-destruyen-helipuerto-del-ejercito\/","title":{"rendered":"Habitantes de Aguililla, Michoac\u00e1n, destruyen helipuerto del Ej\u00e9rcito"},"content":{"rendered":"<p style=\"text-align: justify;\">AGUILILLA, Michoac\u00e1n. * 8 de julio de 2021.<br \/>\n<em>) <a href=\"https:\/\/latinus.us\/2021\/07\/08\/habitantes-aguililla-michoacan-destruyen-helipuerto-ejercito\/\" target=\"_blank\" rel=\"noopener\">Latinus<\/a>.<\/em><\/p>\n<p style=\"text-align: justify;\">En Aguililla, Michoac\u00e1n, habitantes del municipio destruyeron un helipuerto perteneciente ala Secretar\u00eda de la Defensa Nacional (Sedena), seg\u00fan se observa en un video que circula en redes sociales este jueves.<\/p>\n<p style=\"text-align: justify;\">En las im\u00e1genes se puede ver como dos retroexcavadoras realizan maniobras para da\u00f1ar la superficie del helipuerto. Mientras se lleva a cabo el hecho, supuestos habitantes de Aguililla festejan y vigilan, hasta con resorteras, para que los elementos castrenses no se acerquen.<\/p>\n<p style=\"text-align: justify;\">De acuerdo con medios locales, se trata del helipuerto de la 43 Zona Militar de la Sedena, a trav\u00e9s del cual se abastece a los militares del lugar.<\/p>\n<p style=\"text-align: justify;\">En el video, tambi\u00e9n se observa que en las instalaciones de la 43 Zona Militar, al pie del cerro donde se ubica el helipuerto, los elementos de la Sedena contin\u00faan con sus actividades con normalidad, sin que se advierta que tomen acciones para detener a los habitantes involucrados.<\/p>\n<p style=\"text-align: justify;\">Hasta el momento no se ha aclarado el motivo de esta acci\u00f3n y la Sedena no ha manifestado postura al respecto.<\/p>\n<p style=\"text-align: justify;\">El martes de esta semana, se inform\u00f3 que el Ej\u00e9rcito mexicano y los pobladores llegaron a un acuerdo para no bloquear la carretera que va de Aguililla a Apatzing\u00e1n entre las 10:00 horas y las 18:00 horas, a fin de reactivar la econom\u00eda del municipio; sin embargo, los habitantes reportaron que dicho pacto no se llev\u00f3 a cabo por parte de los militares.<\/p>\n<p style=\"text-align: justify;\">El presidente de M\u00e9xico, Andr\u00e9s Manuel L\u00f3pez Obrador, llam\u00f3 ayer mi\u00e9rcoles a la poblaci\u00f3n en Aguililla a que \u201cno se hagan da\u00f1o\u201d, mensaje que extendi\u00f3 a los integrantes de las bandas criminales que operan en la zona.<\/p>\n<p style=\"text-align: justify;\">\u201cSiempre hay salidas, siempre, y se est\u00e1 logrando una convivencia, y que haya di\u00e1logo y que todos act\u00faen de manera responsable. Y que no se hagan da\u00f1o, y no s\u00f3lo es a da\u00f1o la poblaci\u00f3n civil sino que es tambi\u00e9n da\u00f1o a los integrantes de las bandas, no queremos que nadie sufra\u201d, dijo el mandatario.<\/p>\n<p style=\"text-align: justify;\">El mandatario anunci\u00f3 que se implementar\u00e1 un programa integral en la regi\u00f3n para atender las necesidades de la poblaci\u00f3n. Explic\u00f3 que servidores p\u00fablicos del gobierno federal acudir\u00e1n a la regi\u00f3n para \u201cayudar en todas las comunidades\u201d de Aguililla.<\/p>\n<p style=\"text-align: justify;\">\u201cVamos a que la secretaria de Seguridad y Protecci\u00f3n Ciudadana, Rosa Icela Rodr\u00edguez, coordine, como lo est\u00e1 haciendo este trabajo. Pero es buscar la paz, la reconciliaci\u00f3n. No a la violencia. Y decirle a la gente no se dejen arrastrar por quienes tienen otros intereses\u201d, expres\u00f3 el mandatario.<\/p>\n<p style=\"text-align: justify;\">El pasado martes, el presidente L\u00f3pez Obrador dijo que \u00e9l no es Enrique Pe\u00f1a Nieto o Felipe Calder\u00f3n para aplicar una estrategia de \u201cm\u00e1talos en caliente\u201d a integrantes del crimen organizado ante el alza de inseguridad en Aguililla, Michoac\u00e1n.<\/p>\n<p style=\"text-align: justify;\">\u201cNo soy Pe\u00f1a, no soy Felipe Calder\u00f3n, no soy partidario del \u2018m\u00e1talos en caliente\u2019, no soy partidario de torturas, no soy partidario de la asociaci\u00f3n delictuosa que se daba entre delincuencia y autoridades, somos distintos. O sea, vivimos asediados porque es una temporada de canallas, temporada de zopilotes, pero no, tenemos ideales, tenemos principios\u201d, asegur\u00f3 en conferencia matutina.<\/p>\n<p style=\"text-align: justify;\">L\u00f3pez Obrador inform\u00f3 que se abri\u00f3 una mesa de di\u00e1logo en Aguililla, pero asegur\u00f3 que no se puede dejar sin protecci\u00f3n a la ciudadan\u00eda, por lo que se mantendr\u00e1n las Fuerzas Armadas en las calles del lugar.<\/p>\n<p style=\"text-align: justify;\"><code><iframe loading=\"lazy\" style=\"border: none; overflow: hidden;\" src=\"https:\/\/www.facebook.com\/plugins\/video.php?height=476&amp;href=https%3A%2F%2Fwww.facebook.com%2Flopezmartinezmarisol%2Fvideos%2F421372742269588%2F&amp;show_text=false&amp;width=261&amp;t=0\" width=\"261\" height=\"476\" frameborder=\"0\" scrolling=\"no\" allowfullscreen=\"allowfullscreen\"><\/iframe><\/code><\/p>\n","protected":false},"excerpt":{"rendered":"<p>AGUILILLA, Michoac\u00e1n. * 8 de julio de 2021. ) Latinus. En Aguililla, Michoac\u00e1n, habitantes del municipio destruyeron un helipuerto perteneciente ala Secretar\u00eda de la Defensa Nacional (Sedena), seg\u00fan se observa en un video que circula en redes sociales este jueves. En las im\u00e1genes se puede ver como dos retroexcavadoras realizan maniobras para da\u00f1ar la superficie&#8230;<\/p>\n","protected":false},"author":2,"featured_media":1230805,"comment_status":"closed","ping_status":"closed","sticky":false,"template":"","format":"video","meta":{"footnotes":""},"categories":[1969,2005],"tags":[3000,16207],"class_list":["post-1230803","post","type-post","status-publish","format-video","has-post-thumbnail","hentry","category-trending","category-seguridad-y-justicia","tag-43-zona-militar","tag-secretaria-de-la-defensa-nacional-sedena","post_format-post-format-video"],"_links":{"self":[{"href":"https:\/\/www.acapulcopress.com\/index.php\/wp-json\/wp\/v2\/posts\/1230803","targetHints":{"allow":["GET"]}}],"collection":[{"href":"https:\/\/www.acapulcopress.com\/index.php\/wp-json\/wp\/v2\/posts"}],"about":[{"href":"https:\/\/www.acapulcopress.com\/index.php\/wp-json\/wp\/v2\/types\/post"}],"author":[{"embeddable":true,"href":"https:\/\/www.acapulcopress.com\/index.php\/wp-json\/wp\/v2\/users\/2"}],"replies":[{"embeddable":true,"href":"https:\/\/www.acapulcopress.com\/index.php\/wp-json\/wp\/v2\/comments?post=1230803"}],"version-history":[{"count":0,"href":"https:\/\/www.acapulcopress.com\/index.php\/wp-json\/wp\/v2\/posts\/1230803\/revisions"}],"wp:featuredmedia":[{"embeddable":true,"href":"https:\/\/www.acapulcopress.com\/index.php\/wp-json\/"}],"wp:attachment":[{"href":"https:\/\/www.acapulcopress.com\/index.php\/wp-json\/wp\/v2\/media?parent=1230803"}],"wp:term":[{"taxonomy":"category","embeddable":true,"href":"https:\/\/www.acapulcopress.com\/index.php\/wp-json\/wp\/v2\/categories?post=1230803"},{"taxonomy":"post_tag","embeddable":true,"href":"https:\/\/www.acapulcopress.com\/index.php\/wp-json\/wp\/v2\/tags?post=1230803"}],"curies":[{"name":"wp","href":"https:\/\/api.w.org\/{rel}","templated":true}]}}