{"id":1230815,"date":"2021-07-08T23:53:16","date_gmt":"2021-07-09T04:53:16","guid":{"rendered":"https:\/\/www.acapulco.press\/?p=1230815"},"modified":"2021-07-08T23:53:16","modified_gmt":"2021-07-09T04:53:16","slug":"guerrero-entre-los-estados-mejor-evaluados-en-el-manejo-de-la-pandemia","status":"publish","type":"post","link":"https:\/\/www.acapulcopress.com\/index.php\/2021\/07\/08\/guerrero-entre-los-estados-mejor-evaluados-en-el-manejo-de-la-pandemia\/","title":{"rendered":"Guerrero, entre los estados mejor evaluados en el manejo de la pandemia"},"content":{"rendered":"<p style=\"text-align: justify;\">CHILPANCINGO. * 8 de julio de 2021.<br \/>\n<em>) Gobierno de Guerrero.<\/em><\/p>\n<p style=\"text-align: justify;\">Ante el ligero repunte de contagios que se ha presentado en los \u00faltimos d\u00edas en Guerrero, el gobernador H\u00e9ctor Astudillo Flores pidi\u00f3 a la poblaci\u00f3n extremar las medidas y seguir con todos los protocolos sanitarios, para evitar un rebrote, tal como ha sucedido en otros estado. En este sentido el mandatario estatal destac\u00f3 que Guerrero ha sido una de las entidades mejor evaluadas en el manejo de la pandemia, sin embargo es necesario que la poblaci\u00f3n tome conciencia de la importancia de cuidarse.<\/p>\n<p style=\"text-align: justify;\">\u201cSer\u00eda muy irresponsable de mi parte, no informar de lo que sucede en la entidad, no obstante que el nuestro es uno de los estados mejores evaluados del pa\u00eds\u201d, dijo.<\/p>\n<p style=\"text-align: justify;\">En este sentido, al encabezar s\u00e9ptimo encuentro con medios sobre el panorama del Covid-19 en la entidad, el Ejecutivo estatal reiter\u00f3 que se deben reforzar las medidas sanitarias ante la llegada de visitantes a los destinos tur\u00edsticos del estado, donde los prestadores de servicio est\u00e1n a la espera que haya movimiento para reactivar su econom\u00eda. De igual maneta resalt\u00f3 la importancia de campa\u00f1as de promoci\u00f3n, como la presentada hace unos d\u00edas denominada \u201cLa hora de Acapulco\u201d que servir\u00e1 para impulsar a la principal actividad econ\u00f3mica de Guerrero.<\/p>\n<p style=\"text-align: justify;\">De manera especial, el gobernador Astudillo Flores dijo que el tema del Covid le cambi\u00f3 la vida a M\u00e9xico y a muchos pa\u00edses del mundo, y que al estado de Guerrero le afect\u00f3 tambi\u00e9n, porque se le dedic\u00f3 casi un a\u00f1o a invertir en este tema y hablar del Covid de manera cotidiana y la realidad es que no ha alcanzado el dinero y no hubo un presupuesto especial para tratar el Covid en el pa\u00eds.<\/p>\n<p style=\"text-align: justify;\">Por otra parte, el mandatario estatal reiter\u00f3 su llamado a la poblaci\u00f3n, de principalmente a las y los j\u00f3venes, a no relajarse y bajar la guardia, y refiri\u00f3 que si hay un ligero repunte de casos en Guerrero pero que no es alarmante y que habr\u00e1n de tomarse las previsiones pertinentes de acuerdo a lo que se\u00f1ale el sem\u00e1foro de riesgo epidemiol\u00f3gico, que hoy nos ubica en color verde.<br \/>\n\u201cActualmente nosotros estamos con 324 brigadas de atenci\u00f3n primaria a la salud en el tema de covid, para atender a estos 10 municipios fundamentalmente en donde se presenta la actividad de la enfermedad\u201d, destac\u00f3 el manda estatal .<\/p>\n<p style=\"text-align: justify;\">En este encuentro, el secretario de Turismo, Ernesto Rodr\u00edguez Escalona present\u00f3 un dec\u00e1logo de las disposiciones plasmadas en el Peri\u00f3dico Oficial del Estado, que recomienda, entre otras cosas, continuar con el 70 por ciento de aforo y horarios de actividades esenciales y no esenciales y continuar con las disposiciones sanitarias, como el uso obligado de cubrebocas, uso del gel antibacterial y mantener la sana distancia.<\/p>\n<p style=\"text-align: justify;\">Tambi\u00e9n, evitar aglomeraciones, prohibir las celebraciones religiosas patronales y reducir la movilidad, adem\u00e1s de ventilar bien los espacios cerrados como oficinas, restaurantes, salones de clases y establecimientos que presten alg\u00fan tipo de servicio p\u00fablico, y para establecimientos autorizados, es obligatorio el aviso de funcionamiento emitido por la COPRISEG o por la COFEPRIS.<br \/>\nAgreg\u00f3 que en los espacios cerrados, se deber\u00e1 favorecer la ventilaci\u00f3n natural de todas las \u00e1reas, con una separaci\u00f3n de al menos tres metros entre las mesas, prohibiendo las barras libres, pistas de la baile y cantabar, pudiendo contar con grupos musicales en lugares abiertos, continuando fortaleciendo las acciones de prevenci\u00f3n, mitigaci\u00f3n y contenci\u00f3n del virus SARS COV-2.<\/p>\n<p style=\"text-align: justify;\">En su oportunidad, el secretario de Salud, Carlos de la Pe\u00f1a Pintos se\u00f1al\u00f3 que en las \u00faltimas 24 horas de registraron 234 nuevos casos y 798 casos activos, fortaleciendo las brigadas de atenci\u00f3n en aquellos municipios donde se registra mayor actividad, con 94 pacientes hospitalizados, manteniendo un promedio de 2.4 en el rubro de defunciones y una ocupaci\u00f3n hospitalaria del 16 por ciento.<\/p>\n<p style=\"text-align: justify;\">Respecto a la vacunaci\u00f3n, se\u00f1al\u00f3 que en esta semana se aplica a personas de 40 a 49 a\u00f1os en las zonas Centro y Costa Chica, reiterando su llamado para que los habitantes de Chilpancingo acudan a los m\u00f3dulos instalados en las canchas de la colonia del PRI y el Instituto Tecnol\u00f3gico. Tambi\u00e9n, dio a conocer cifras de casos activos, donde la mayor\u00eda corresponde a personas menores de 40 a\u00f1os, donde destacan Acapulco y la zona Centro, disminuyendo el riesgo entre personas mayores que, en su mayor\u00eda, han sido vacunados.<\/p>\n","protected":false},"excerpt":{"rendered":"<p>CHILPANCINGO. * 8 de julio de 2021. ) Gobierno de Guerrero. Ante el ligero repunte de contagios que se ha presentado en los \u00faltimos d\u00edas en Guerrero, el gobernador H\u00e9ctor Astudillo Flores pidi\u00f3 a la poblaci\u00f3n extremar las medidas y seguir con todos los protocolos sanitarios, para evitar un rebrote, tal como ha sucedido en&#8230;<\/p>\n","protected":false},"author":2,"featured_media":1230816,"comment_status":"closed","ping_status":"closed","sticky":false,"template":"","format":"standard","meta":{"footnotes":""},"categories":[1983,18561],"tags":[6705,9302,9705],"class_list":["post-1230815","post","type-post","status-publish","format-standard","has-post-thumbnail","hentry","category-guerrerogob","category-society-politics","tag-covid19","tag-gobierno-de-guerrero","tag-hector-astudillo-flores"],"_links":{"self":[{"href":"https:\/\/www.acapulcopress.com\/index.php\/wp-json\/wp\/v2\/posts\/1230815","targetHints":{"allow":["GET"]}}],"collection":[{"href":"https:\/\/www.acapulcopress.com\/index.php\/wp-json\/wp\/v2\/posts"}],"about":[{"href":"https:\/\/www.acapulcopress.com\/index.php\/wp-json\/wp\/v2\/types\/post"}],"author":[{"embeddable":true,"href":"https:\/\/www.acapulcopress.com\/index.php\/wp-json\/wp\/v2\/users\/2"}],"replies":[{"embeddable":true,"href":"https:\/\/www.acapulcopress.com\/index.php\/wp-json\/wp\/v2\/comments?post=1230815"}],"version-history":[{"count":0,"href":"https:\/\/www.acapulcopress.com\/index.php\/wp-json\/wp\/v2\/posts\/1230815\/revisions"}],"wp:featuredmedia":[{"embeddable":true,"href":"https:\/\/www.acapulcopress.com\/index.php\/wp-json\/"}],"wp:attachment":[{"href":"https:\/\/www.acapulcopress.com\/index.php\/wp-json\/wp\/v2\/media?parent=1230815"}],"wp:term":[{"taxonomy":"category","embeddable":true,"href":"https:\/\/www.acapulcopress.com\/index.php\/wp-json\/wp\/v2\/categories?post=1230815"},{"taxonomy":"post_tag","embeddable":true,"href":"https:\/\/www.acapulcopress.com\/index.php\/wp-json\/wp\/v2\/tags?post=1230815"}],"curies":[{"name":"wp","href":"https:\/\/api.w.org\/{rel}","templated":true}]}}