{"id":1230837,"date":"2021-07-09T00:43:28","date_gmt":"2021-07-09T05:43:28","guid":{"rendered":"https:\/\/www.acapulco.press\/?p=1230837"},"modified":"2021-07-09T00:43:28","modified_gmt":"2021-07-09T05:43:28","slug":"fallece-a-los-80-anos-de-edad-el-comediante-alfonso-zayas","status":"publish","type":"post","link":"https:\/\/www.acapulcopress.com\/index.php\/2021\/07\/09\/fallece-a-los-80-anos-de-edad-el-comediante-alfonso-zayas\/","title":{"rendered":"Fallece a los 80 a\u00f1os de edad el comediante Alfonso Zayas"},"content":{"rendered":"<p style=\"text-align: justify;\">\u00bb <strong>Lau Almaraz<\/strong><br \/>\nCIUDAD DE M\u00c9XICO. * 8 de julio de 2021.<br \/>\n<em>) Cultura Colectiva.<\/em><\/p>\n<p style=\"text-align: justify;\">Quien fuera un \u00edcono del cine de ficheras, Alfonso Zayas, falleci\u00f3 la noche de este jueves, de acuerdo a un comunicado que se difundi\u00f3 a trav\u00e9s de sus redes sociales, en donde no revelan las causas del deceso del actor.<\/p>\n<p style=\"text-align: justify;\">\u00abPor medio del presente y llenos de profundo dolor, comunicamos y confirmamos la dolorosa partida de nuestro querido Alfonso Zayas Incl\u00e1n, la noche del jueves 8 de julio, en la Ciudad de M\u00e9xico\u00bb, informan en el comunicado.<\/p>\n<p style=\"text-align: justify;\">Agregan que Zayas ser\u00e1 velado de forma privada. \u00abHemos decidido velarlo y realizarle una ceremonia de manera privada, \u00fanicamente con su familia y amigos, por lo que pedimos de la manera m\u00e1s atenta, su comprensi\u00f3n y respeto\u00bb.<\/p>\n<p style=\"text-align: justify;\"><strong>Pilar en la comedia mexicana<\/strong><\/p>\n<p style=\"text-align: justify;\">\u00abAgradecemos de antemano todas las muestras de cari\u00f1o y solidaridad que han tenido con la familia\u00bb, reza el comunicado en el que finalizan afirmando que \u00abAlfonso es uno de los pilares m\u00e1s queridos de la comedia, del cine y de la televisi\u00f3n mexicana\u00bb.<\/p>\n<p style=\"text-align: justify;\">Nacido en Tulancingo, Hidalgo, en 1941, Alfonso Zayas fue uno de los pioneros en el llamado \u00abcine de ficheras\u00bb en donde la conocida como \u00abpicard\u00eda mexicana\u00bb aunada a los albures propios de la comedia nacional, fue parte de su caracter\u00edstico trabajo. hijo del m\u00fasico Alfonso Zayas Zetina y de Dolores Incl\u00e1n, Alfonso Zayas fue parte del medio art\u00edstico que recorr\u00eda el pa\u00eds a trav\u00e9s de carpas, en donde se llevaban a cabo presentaciones de teatro de revista, muy tradicional en aquellas \u00e9pocas.<\/p>\n<p style=\"text-align: justify;\">De acuerdo a Milenio, Alfonso Zayas particip\u00f3 en m\u00e1s de 170 pel\u00edculas entre ellas \u00abPiernas de oro\u00bb, \u00abHembra o macho\u00bb, \u00abEl sexo me da risa\u00bb; \u00abEsta noche cena Pancho\u00bb, aunque lo recordamos por su trabajo al lado de Mar\u00eda Victoria en \u00abLa criada bien criada\u00bb.<\/p>\n<p style=\"text-align: justify;\">Descanse en paz.<\/p>\n","protected":false},"excerpt":{"rendered":"<p>\u00bb Lau Almaraz CIUDAD DE M\u00c9XICO. * 8 de julio de 2021. ) Cultura Colectiva. Quien fuera un \u00edcono del cine de ficheras, Alfonso Zayas, falleci\u00f3 la noche de este jueves, de acuerdo a un comunicado que se difundi\u00f3 a trav\u00e9s de sus redes sociales, en donde no revelan las causas del deceso del actor&#8230;.<\/p>\n","protected":false},"author":2,"featured_media":1230838,"comment_status":"closed","ping_status":"closed","sticky":false,"template":"","format":"standard","meta":{"footnotes":""},"categories":[1972,1988,1994],"tags":[3633],"class_list":["post-1230837","post","type-post","status-publish","format-standard","has-post-thumbnail","hentry","category-special","category-lifestyles","category-personalidades","tag-alfonso-zayas-inclan"],"_links":{"self":[{"href":"https:\/\/www.acapulcopress.com\/index.php\/wp-json\/wp\/v2\/posts\/1230837","targetHints":{"allow":["GET"]}}],"collection":[{"href":"https:\/\/www.acapulcopress.com\/index.php\/wp-json\/wp\/v2\/posts"}],"about":[{"href":"https:\/\/www.acapulcopress.com\/index.php\/wp-json\/wp\/v2\/types\/post"}],"author":[{"embeddable":true,"href":"https:\/\/www.acapulcopress.com\/index.php\/wp-json\/wp\/v2\/users\/2"}],"replies":[{"embeddable":true,"href":"https:\/\/www.acapulcopress.com\/index.php\/wp-json\/wp\/v2\/comments?post=1230837"}],"version-history":[{"count":0,"href":"https:\/\/www.acapulcopress.com\/index.php\/wp-json\/wp\/v2\/posts\/1230837\/revisions"}],"wp:featuredmedia":[{"embeddable":true,"href":"https:\/\/www.acapulcopress.com\/index.php\/wp-json\/"}],"wp:attachment":[{"href":"https:\/\/www.acapulcopress.com\/index.php\/wp-json\/wp\/v2\/media?parent=1230837"}],"wp:term":[{"taxonomy":"category","embeddable":true,"href":"https:\/\/www.acapulcopress.com\/index.php\/wp-json\/wp\/v2\/categories?post=1230837"},{"taxonomy":"post_tag","embeddable":true,"href":"https:\/\/www.acapulcopress.com\/index.php\/wp-json\/wp\/v2\/tags?post=1230837"}],"curies":[{"name":"wp","href":"https:\/\/api.w.org\/{rel}","templated":true}]}}