{"id":1230843,"date":"2021-07-09T19:51:31","date_gmt":"2021-07-10T00:51:31","guid":{"rendered":"https:\/\/www.acapulco.press\/?p=1230843"},"modified":"2021-07-09T19:51:31","modified_gmt":"2021-07-10T00:51:31","slug":"felix-la-decision-final","status":"publish","type":"post","link":"https:\/\/www.acapulcopress.com\/index.php\/2021\/07\/09\/felix-la-decision-final\/","title":{"rendered":"F\u00e9lix, la decisi\u00f3n final"},"content":{"rendered":"<p style=\"text-align: justify;\"><em>Tercera V\u00eda<\/em><br \/>\n<strong>\u00bb Ernesto Rivera Rodr\u00edguez.<\/strong><\/p>\n<p style=\"text-align: justify;\">Evelyn Salgado Pineda no tendr\u00e1 mejor asesor que F\u00e9lix, su padre, qui\u00e9n es ya un dique para evitar el oportunismo y la filtraci\u00f3n de quienes pretendan ver en ella presa f\u00e1cil de convencer, \u00e9l mismo lo ha afirmado de una u otra forma y ya se ve en su figura al \u00abWilliam Cecil\u00bb guerrerense, que permitir\u00e1 crecer y desarrollarse a la gobernadora electa de Guerrero, su hija, en tanto da sus primeros pasos en los entre telones de la pol\u00edtica nacional, c\u00f3mo lo fue primero en el Palacio Nacional, con el presidente de la Rep\u00fablica, Andr\u00e9s Manuel L\u00f3pez Obrador y en el Palacio de Bucareli, con la secretaria de Gobernaci\u00f3n Federal, Olga Sanchez Cordero, con qui\u00e9n se not\u00f3 m\u00e1s segura y relajada&#8230; ser\u00eda por aquello de la cuesti\u00f3n de genero, y en breve con el gobernador H\u00e9ctor Astudillo Flores, c\u00f3mo el mismo lo confirm\u00f3, \u00abesperara los tiempos para reunirse con ella\u00bb.<\/p>\n<p style=\"text-align: justify;\">A qui\u00e9n pongo? Por qui\u00e9n me voy a decidir?<\/p>\n<p style=\"text-align: justify;\">Qui\u00e9n No te va a traicionar, qui\u00e9n No te traicione, qui\u00e9n? fue el elemento medular de su decisi\u00f3n, a pregunta realizada a gente de su plena confianza. La respuesta fue \u00fanica y unanime. Asi el a qui\u00e9n, el c\u00f3mo y el cu\u00e1ndo se abrieron como el cielo despu\u00e9s de la tormenta y deja entrar la luz del sol, F\u00e9lix a modo de \u00abSerendipity\u00bb, encontr\u00f3 el nombre, la imagen y su decisi\u00f3n: Evelyn!!!<\/p>\n<p style=\"text-align: justify;\">Evelyn desde peque\u00f1a estuvo cercana a su progenitor, y de esa forma se fue amalgamando en su vida el car\u00e1cter y la personalidad que hoy le ha dado la vuelta no s\u00f3lo a M\u00e9xico sino al mundo, ello con el benepl\u00e1cito de las autoridades electorales y la infinidad de seguidores del conocido \u00abToro\u00bb, su progenitor.<\/p>\n<p style=\"text-align: justify;\">Evelyn a entrado como la humedad en la empat\u00eda de los guerrerenses y se ha vuelto en breve tiempo en una figura pol\u00edtica de la que las esperanzas y el estilo de miles de no s\u00f3lo mujeres se ha apoderado del an\u00e1lisis y el reconocimiento<br \/>\nen empoderamiento de g\u00e9nero, que desde las \u00abSufragistas inglesas\u00bb hace casi un siglo, dieron el primer y decisivo paso para votar y ser votadas.<\/p>\n<p style=\"text-align: justify;\">Evelyn a sido prudente en su mensaje a trav\u00e9s de su gira de agradecimiento a los guerrerenses que le dieron su voto, y ha hablado por todos, todos, asegurando que no habr\u00e1 distingos de ideolog\u00edas, ni mano dura dado que lo que busca es nuevos y mejores derroteros para Guerrero, su \u00abluna de miel\u00bb pronto terminar\u00e1 y con el bast\u00f3n de mando se impondr\u00e1 la realidad, que no siempre, casi nunca es como la pintan, y debe estar preparada para ello. Roma No se hizo en un d\u00eda.<\/p>\n","protected":false},"excerpt":{"rendered":"<p>Tercera V\u00eda \u00bb Ernesto Rivera Rodr\u00edguez. Evelyn Salgado Pineda no tendr\u00e1 mejor asesor que F\u00e9lix, su padre, qui\u00e9n es ya un dique para evitar el oportunismo y la filtraci\u00f3n de quienes pretendan ver en ella presa f\u00e1cil de convencer, \u00e9l mismo lo ha afirmado de una u otra forma y ya se ve en su&#8230;<\/p>\n","protected":false},"author":2,"featured_media":1230846,"comment_status":"closed","ping_status":"closed","sticky":false,"template":"","format":"standard","meta":{"footnotes":""},"categories":[2071,1991],"tags":[8063,8251,8467,17071],"class_list":["post-1230843","post","type-post","status-publish","format-standard","has-post-thumbnail","hentry","category-opinion-analisis-columnas","category-libertad-de-expresion","tag-ernesto-rivera-rodriguez","tag-evelyn-salgado-pineda","tag-felix-salgado-macedonio","tag-tercera-via"],"_links":{"self":[{"href":"https:\/\/www.acapulcopress.com\/index.php\/wp-json\/wp\/v2\/posts\/1230843","targetHints":{"allow":["GET"]}}],"collection":[{"href":"https:\/\/www.acapulcopress.com\/index.php\/wp-json\/wp\/v2\/posts"}],"about":[{"href":"https:\/\/www.acapulcopress.com\/index.php\/wp-json\/wp\/v2\/types\/post"}],"author":[{"embeddable":true,"href":"https:\/\/www.acapulcopress.com\/index.php\/wp-json\/wp\/v2\/users\/2"}],"replies":[{"embeddable":true,"href":"https:\/\/www.acapulcopress.com\/index.php\/wp-json\/wp\/v2\/comments?post=1230843"}],"version-history":[{"count":0,"href":"https:\/\/www.acapulcopress.com\/index.php\/wp-json\/wp\/v2\/posts\/1230843\/revisions"}],"wp:featuredmedia":[{"embeddable":true,"href":"https:\/\/www.acapulcopress.com\/index.php\/wp-json\/"}],"wp:attachment":[{"href":"https:\/\/www.acapulcopress.com\/index.php\/wp-json\/wp\/v2\/media?parent=1230843"}],"wp:term":[{"taxonomy":"category","embeddable":true,"href":"https:\/\/www.acapulcopress.com\/index.php\/wp-json\/wp\/v2\/categories?post=1230843"},{"taxonomy":"post_tag","embeddable":true,"href":"https:\/\/www.acapulcopress.com\/index.php\/wp-json\/wp\/v2\/tags?post=1230843"}],"curies":[{"name":"wp","href":"https:\/\/api.w.org\/{rel}","templated":true}]}}