{"id":1230851,"date":"2021-07-09T19:58:57","date_gmt":"2021-07-10T00:58:57","guid":{"rendered":"https:\/\/www.acapulco.press\/?p=1230851"},"modified":"2021-07-09T19:58:57","modified_gmt":"2021-07-10T00:58:57","slug":"por-lesiones-a-una-mujer-captura-fge-a-individuo-de-chilapa","status":"publish","type":"post","link":"https:\/\/www.acapulcopress.com\/index.php\/2021\/07\/09\/por-lesiones-a-una-mujer-captura-fge-a-individuo-de-chilapa\/","title":{"rendered":"Por lesiones a una mujer captura FGE a individuo de Chilapa"},"content":{"rendered":"<p>CHILPANCINGO. * 9 de julio de 2021.<br \/>\n<em>) <a href=\"https:\/\/fiscaliaguerrero.gob.mx\" target=\"_blank\" rel=\"noopener\">https:\/\/fiscaliaguerrero.gob.mx<\/a><\/em><\/p>\n<p style=\"text-align: justify;\">Fiscal\u00eda de Guerrero a trav\u00e9s de la Polic\u00eda Investigadora Ministerial dio cumplimiento a la orden de aprehensi\u00f3n en contra de Mariano \u00abN\u00bb, detenido en Chilapa de \u00c1lvarez acusado como probable responsable del delito de lesiones en agravio de Juana \u00abN\u00bb, quedando a disposici\u00f3n ante el Juez de Primera Instancia en Materia Penal del Distrito Judicial de \u00c1lvarez.<\/p>\n","protected":false},"excerpt":{"rendered":"<p>CHILPANCINGO. * 9 de julio de 2021. ) https:\/\/fiscaliaguerrero.gob.mx Fiscal\u00eda de Guerrero a trav\u00e9s de la Polic\u00eda Investigadora Ministerial dio cumplimiento a la orden de aprehensi\u00f3n en contra de Mariano \u00abN\u00bb, detenido en Chilapa de \u00c1lvarez acusado como probable responsable del delito de lesiones en agravio de Juana \u00abN\u00bb, quedando a disposici\u00f3n ante el Juez&#8230;<\/p>\n","protected":false},"author":2,"featured_media":1230845,"comment_status":"closed","ping_status":"closed","sticky":false,"template":"","format":"standard","meta":{"footnotes":""},"categories":[1969,2005],"tags":[8703,10946,14737],"class_list":["post-1230851","post","type-post","status-publish","format-standard","has-post-thumbnail","hentry","category-trending","category-seguridad-y-justicia","tag-fiscalia-general-del-estado-de-guerrero-fge","tag-jorge-zuriel-de-los-santos-barrila","tag-policia-ministerial-de-guerrero"],"_links":{"self":[{"href":"https:\/\/www.acapulcopress.com\/index.php\/wp-json\/wp\/v2\/posts\/1230851","targetHints":{"allow":["GET"]}}],"collection":[{"href":"https:\/\/www.acapulcopress.com\/index.php\/wp-json\/wp\/v2\/posts"}],"about":[{"href":"https:\/\/www.acapulcopress.com\/index.php\/wp-json\/wp\/v2\/types\/post"}],"author":[{"embeddable":true,"href":"https:\/\/www.acapulcopress.com\/index.php\/wp-json\/wp\/v2\/users\/2"}],"replies":[{"embeddable":true,"href":"https:\/\/www.acapulcopress.com\/index.php\/wp-json\/wp\/v2\/comments?post=1230851"}],"version-history":[{"count":0,"href":"https:\/\/www.acapulcopress.com\/index.php\/wp-json\/wp\/v2\/posts\/1230851\/revisions"}],"wp:featuredmedia":[{"embeddable":true,"href":"https:\/\/www.acapulcopress.com\/index.php\/wp-json\/"}],"wp:attachment":[{"href":"https:\/\/www.acapulcopress.com\/index.php\/wp-json\/wp\/v2\/media?parent=1230851"}],"wp:term":[{"taxonomy":"category","embeddable":true,"href":"https:\/\/www.acapulcopress.com\/index.php\/wp-json\/wp\/v2\/categories?post=1230851"},{"taxonomy":"post_tag","embeddable":true,"href":"https:\/\/www.acapulcopress.com\/index.php\/wp-json\/wp\/v2\/tags?post=1230851"}],"curies":[{"name":"wp","href":"https:\/\/api.w.org\/{rel}","templated":true}]}}