{"id":1230856,"date":"2021-07-09T21:48:06","date_gmt":"2021-07-10T02:48:06","guid":{"rendered":"https:\/\/www.acapulco.press\/?p=1230856"},"modified":"2021-07-09T21:48:06","modified_gmt":"2021-07-10T02:48:06","slug":"bastaran-25-consejeros-para-avalar-candidatura-a-rector-de-uagro","status":"publish","type":"post","link":"https:\/\/www.acapulcopress.com\/index.php\/2021\/07\/09\/bastaran-25-consejeros-para-avalar-candidatura-a-rector-de-uagro\/","title":{"rendered":"Bastar\u00e1n 25 consejeros para avalar candidatura a rector de UAGro"},"content":{"rendered":"<p style=\"text-align: justify;\">CHILPANCINGO. * 9 de julio de 2021.<br \/>\n<em>) UAGro.<\/em><\/p>\n<p style=\"text-align: justify;\">Con 172 votos a favor, el Consejo Universitario aprob\u00f3 reducir en la convocatoria el aval de 40 a 25 consejeros universitarios como requisito para obtener el registro como candidato a rector de la Universidad Aut\u00f3noma de Guerrero por el periodo 2021-2025; esta decisi\u00f3n facilitar\u00e1 el registro de los aspirantes y garantiza la apertura democr\u00e1tica para la participaci\u00f3n equitativa.<\/p>\n<p style=\"text-align: justify;\">Durante la Segunda Reuni\u00f3n de Trabajo de la Sesi\u00f3n Permanente, el m\u00e1ximo \u00f3rgano de gobierno de la UAGro consider\u00f3 que los universitarios que aspiren a contender por el cargo de rector, deber\u00e1n contar con este m\u00ednimo de apoyos para demostrar que son competitivos y cuentan con el respaldo de la comunidad universitaria, pero reduciendo el n\u00famero requerido como se hab\u00eda establecido en el Estatuto General y en el Reglamento Electoral.<\/p>\n<p style=\"text-align: justify;\">De tal manera que adem\u00e1s de reducir el aval de 40 consejeros universitarios, se reducen tambi\u00e9n el n\u00famero de los Consejos Acad\u00e9micos de 20 Unidades Acad\u00e9micas a 12 y de 150 Consejeros de Unidades Acad\u00e9micas a 93. Los aspirantes deben cumplir uno de los tres requisitos. Los consejeros universitarios y acad\u00e9micos, solo podr\u00e1n dar su aval a un aspirante.<\/p>\n<p style=\"text-align: justify;\">El pleno universitario tambi\u00e9n aprob\u00f3 el dictamen de la Comisi\u00f3n Electoral en el que estipula que por primera vez, la UAGro efectuar\u00e1 una votaci\u00f3n para elegir al nuevo rector de manera mixta, es decir, que los sufragios podr\u00e1n emitirse de manera presencial y virtual.<\/p>\n<p style=\"text-align: justify;\">De acuerdo con la Comisi\u00f3n Electoral, la convocatoria con las bases, requisitos y reglamentos estipulados ser\u00e1 publicada el pr\u00f3ximo lunes 12 de julio en los canales oficiales de la instituci\u00f3n.<\/p>\n<p style=\"text-align: justify;\">Sobre la reducci\u00f3n del n\u00famero de consejeros para avalar una candidatura, el pleno universitario tom\u00f3 esta decisi\u00f3n a propuesta del rector, Jos\u00e9 Alfredo Romero Olea quien consider\u00f3 que por la pandemia del Covid-19, era dif\u00edcil que los aspirantes lograran conseguir el aval de los consejeros universitarios.<\/p>\n<p style=\"text-align: justify;\">En su intervenci\u00f3n, la Comisi\u00f3n de Legislaci\u00f3n Universitaria dio lectura al dictamen donde se propuso reducir el aval de consejeros ante la existencia de una causa de fuerza mayor, como es el caso de la pandemia causada por el SARS-CoV-2, que produce la enfermedad de Covid-19.<\/p>\n<p style=\"text-align: justify;\">Determin\u00f3 que no existen condiciones necesarias para que los aspirantes pudieren reunir a entera satisfacci\u00f3n los requisitos previstos y consider\u00f3 que resulta poco asequible en tiempo de pandemia, para los ciudadanos aspirantes a candidatos a Rector\u201d.<\/p>\n<p style=\"text-align: justify;\">Finalmente, la Comisi\u00f3n de Legislaci\u00f3n Universitaria concluy\u00f3 que dichos requisitos no debe tornarse \u201ccomo una carga desmedida, excesiva o injustificada\u201d para los ciudadanos universitarios que pretendan competir en el proceso comicial de Rector, pero que el m\u00e1ximo \u00f3rgano de gobierno de la UAGro, \u201cdebe garantizar el derecho de los universitarios a participar en la contienda electoral de forma efectiva y democr\u00e1tica\u201d.<\/p>\n","protected":false},"excerpt":{"rendered":"<p>CHILPANCINGO. * 9 de julio de 2021. ) UAGro. Con 172 votos a favor, el Consejo Universitario aprob\u00f3 reducir en la convocatoria el aval de 40 a 25 consejeros universitarios como requisito para obtener el registro como candidato a rector de la Universidad Aut\u00f3noma de Guerrero por el periodo 2021-2025; esta decisi\u00f3n facilitar\u00e1 el registro&#8230;<\/p>\n","protected":false},"author":2,"featured_media":1230857,"comment_status":"closed","ping_status":"closed","sticky":false,"template":"","format":"standard","meta":{"footnotes":""},"categories":[18561,2016],"tags":[2896,6508,10980,17463,17610],"class_list":["post-1230856","post","type-post","status-publish","format-standard","has-post-thumbnail","hentry","category-society-politics","category-uagro-society-politics","tag-uagro-2","tag-consejo-universitario-uagro","tag-jose-alfredo-romero-olea","tag-uagro","tag-universidad-autonoma-de-guerrero-uagro"],"_links":{"self":[{"href":"https:\/\/www.acapulcopress.com\/index.php\/wp-json\/wp\/v2\/posts\/1230856","targetHints":{"allow":["GET"]}}],"collection":[{"href":"https:\/\/www.acapulcopress.com\/index.php\/wp-json\/wp\/v2\/posts"}],"about":[{"href":"https:\/\/www.acapulcopress.com\/index.php\/wp-json\/wp\/v2\/types\/post"}],"author":[{"embeddable":true,"href":"https:\/\/www.acapulcopress.com\/index.php\/wp-json\/wp\/v2\/users\/2"}],"replies":[{"embeddable":true,"href":"https:\/\/www.acapulcopress.com\/index.php\/wp-json\/wp\/v2\/comments?post=1230856"}],"version-history":[{"count":0,"href":"https:\/\/www.acapulcopress.com\/index.php\/wp-json\/wp\/v2\/posts\/1230856\/revisions"}],"wp:featuredmedia":[{"embeddable":true,"href":"https:\/\/www.acapulcopress.com\/index.php\/wp-json\/"}],"wp:attachment":[{"href":"https:\/\/www.acapulcopress.com\/index.php\/wp-json\/wp\/v2\/media?parent=1230856"}],"wp:term":[{"taxonomy":"category","embeddable":true,"href":"https:\/\/www.acapulcopress.com\/index.php\/wp-json\/wp\/v2\/categories?post=1230856"},{"taxonomy":"post_tag","embeddable":true,"href":"https:\/\/www.acapulcopress.com\/index.php\/wp-json\/wp\/v2\/tags?post=1230856"}],"curies":[{"name":"wp","href":"https:\/\/api.w.org\/{rel}","templated":true}]}}