{"id":1230862,"date":"2021-07-09T22:37:18","date_gmt":"2021-07-10T03:37:18","guid":{"rendered":"https:\/\/www.acapulco.press\/?p=1230862"},"modified":"2021-07-09T22:37:18","modified_gmt":"2021-07-10T03:37:18","slug":"fundacion-teleton-entrega-reconocimiento-a-gobernador-astudillo-y-esposa","status":"publish","type":"post","link":"https:\/\/www.acapulcopress.com\/index.php\/2021\/07\/09\/fundacion-teleton-entrega-reconocimiento-a-gobernador-astudillo-y-esposa\/","title":{"rendered":"Fundaci\u00f3n Telet\u00f3n entrega reconocimiento a Gobernador Astudillo y esposa"},"content":{"rendered":"<p style=\"text-align: justify;\">CHILPANCINGO. * 9 de julio de 2021.<br \/>\n<em>) Gobierno de Guerrero.<\/em><\/p>\n<p style=\"text-align: justify;\"><img loading=\"lazy\" decoding=\"async\" class=\"alignleft size-medium wp-image-1230870\" src=\"https:\/\/www.acapulco.press\/wp-content\/uploads\/2021\/07\/HAF-TELETON8-375x250.jpg\" alt=\"\" width=\"375\" height=\"250\" \/>El gobernador H\u00e9ctor Astudillo Flores y su esposa Mercedes Calvo, recibieron un reconocimiento de Fundaci\u00f3n Telet\u00f3n M\u00e9xico, por el apoyo y generosidad brindada al Centro de Rehabilitaci\u00f3n e Inclusi\u00f3n Infantil Telet\u00f3n (CRIT) de Acapulco que ha logrado mejorar la calidad de vida de m\u00e1s de 7 mil ni\u00f1as y ni\u00f1os con discapacidad gracias a las aportaciones recibidas por m\u00e1s de 200 millones de pesos durante estos seis a\u00f1os de gobierno.<\/p>\n<p style=\"text-align: justify;\">\u00abSon m\u00e1s de 7 mil personas atendidas, son muchas familias, pero lo m\u00e1s importante es que todo este grupo de familias se ha invertido una cantidad muy grande de recursos y una enorme cantidad de servicios especiales de mucha calidad. Por eso les decimos gracias. La se\u00f1ora Mercedes Calvo merece una menci\u00f3n <img loading=\"lazy\" decoding=\"async\" class=\"alignleft size-medium wp-image-1230869\" src=\"https:\/\/www.acapulco.press\/wp-content\/uploads\/2021\/07\/HAF-TELETON7-375x250.jpg\" alt=\"\" width=\"375\" height=\"250\" \/>especial por que ha sido una aut\u00e9ntica guerrera\u00bb, expres\u00f3 Fernando Landeros, Presidente de Fundaci\u00f3n Telet\u00f3n M\u00e9xico.<\/p>\n<p style=\"text-align: justify;\">En las instalaciones del CRIT Acapulco, el gobernador y su esposa Mercedes Calvo, recorrieron las instalaciones donde reciben terapias ni\u00f1as y ni\u00f1os guerrerenses con alguna discapacidad y se han brindando m\u00e1s de 532 mil servicios de rehabilitaci\u00f3n, as\u00ed como m\u00e1s de 4 mil apoyos especiales entre cirug\u00edas, ortesis y pr\u00f3tesis, sillas de rueda especiales, bastones, entre otos beneficios a m\u00e1s de 3 mil 700 infantes.<\/p>\n<p style=\"text-align: justify;\">El Presidente de la Fundaci\u00f3n Telet\u00f3n M\u00e9xico, Fernando Landeros Verdugo, destac\u00f3 el apoyo de Mercedes Calvo de Astudillo en la <img loading=\"lazy\" decoding=\"async\" class=\"alignleft size-medium wp-image-1230868\" src=\"https:\/\/www.acapulco.press\/wp-content\/uploads\/2021\/07\/HAF-TELETON6-375x304.jpg\" alt=\"\" width=\"375\" height=\"304\" \/>atenci\u00f3n a ni\u00f1as y ni\u00f1os con discapacidad por la incorporaci\u00f3n a estos sistemas de rehabilitaci\u00f3n en el Estado de equipo con tecnolog\u00eda de punta con lo cual, mejorar su calidad de vida, adem\u00e1s de las aportaciones por m\u00e1s de 200 millones de pesos al CRIT Acapulco beneficiando a m\u00e1s de 7 mil familias.<\/p>\n<p style=\"text-align: justify;\">En su mensaje, H\u00e9ctor Astudillo, reconoci\u00f3 la disposici\u00f3n que ha tenido Telet\u00f3n para atender la crisis del COVID-19 y ayudar en la reconversi\u00f3n de camas, y disminuir la tensi\u00f3n en los hospitales y reiter\u00f3 su compromiso en ayudar a esta instituci\u00f3n como un acto de primera acci\u00f3n humanista.<\/p>\n<p style=\"text-align: justify;\">Astudillo Flores y su esposa Mercedes Calvo, recibieron de manos del Presidente de Fundaci\u00f3n Telet\u00f3n M\u00e9xico, Fernando Landeros Verdugo, junto con el Director del CRIT Acapulco, Paulo Mercado Luna, un reconocimiento por apoyo y generosidad al centro de rehabilitaci\u00f3n durante estos seis a\u00f1os de gesti\u00f3n y gobierno.<\/p>\n<p style=\"text-align: justify;\"><img loading=\"lazy\" decoding=\"async\" class=\"alignnone wp-image-1230867 size-large\" src=\"https:\/\/www.acapulco.press\/wp-content\/uploads\/2021\/07\/HAF-TELETON5-840x620.jpg\" alt=\"\" width=\"840\" height=\"620\" \/><\/p>\n<p style=\"text-align: justify;\"><img loading=\"lazy\" decoding=\"async\" class=\"alignnone wp-image-1230866 size-large\" src=\"https:\/\/www.acapulco.press\/wp-content\/uploads\/2021\/07\/HAF-TELETON4-840x871.jpg\" alt=\"\" width=\"840\" height=\"871\" \/><\/p>\n<p style=\"text-align: justify;\"><img loading=\"lazy\" decoding=\"async\" class=\"alignnone wp-image-1230865 \" src=\"https:\/\/www.acapulco.press\/wp-content\/uploads\/2021\/07\/HAF-TELETON3.jpg\" alt=\"\" width=\"805\" height=\"536\" \/><\/p>\n<p style=\"text-align: justify;\"><img loading=\"lazy\" decoding=\"async\" class=\"alignnone wp-image-1230864 \" src=\"https:\/\/www.acapulco.press\/wp-content\/uploads\/2021\/07\/HAF-TELETON2.jpg\" alt=\"\" width=\"803\" height=\"536\" \/><\/p>\n","protected":false},"excerpt":{"rendered":"<p>CHILPANCINGO. * 9 de julio de 2021. ) Gobierno de Guerrero. El gobernador H\u00e9ctor Astudillo Flores y su esposa Mercedes Calvo, recibieron un reconocimiento de Fundaci\u00f3n Telet\u00f3n M\u00e9xico, por el apoyo y generosidad brindada al Centro de Rehabilitaci\u00f3n e Inclusi\u00f3n Infantil Telet\u00f3n (CRIT) de Acapulco que ha logrado mejorar la calidad de vida de m\u00e1s&#8230;<\/p>\n","protected":false},"author":2,"featured_media":1230863,"comment_status":"closed","ping_status":"closed","sticky":false,"template":"","format":"standard","meta":{"footnotes":""},"categories":[1972,18574],"tags":[5526,9031,9705,12943],"class_list":["post-1230862","post","type-post","status-publish","format-standard","has-post-thumbnail","hentry","category-special","category-gobierno-la-foto","tag-centro-de-rehabilitacion-e-inclusion-infantil-teleton-crit","tag-fundacion-teleton-mexico","tag-hector-astudillo-flores","tag-mercedes-calvo-de-astudillo"],"_links":{"self":[{"href":"https:\/\/www.acapulcopress.com\/index.php\/wp-json\/wp\/v2\/posts\/1230862","targetHints":{"allow":["GET"]}}],"collection":[{"href":"https:\/\/www.acapulcopress.com\/index.php\/wp-json\/wp\/v2\/posts"}],"about":[{"href":"https:\/\/www.acapulcopress.com\/index.php\/wp-json\/wp\/v2\/types\/post"}],"author":[{"embeddable":true,"href":"https:\/\/www.acapulcopress.com\/index.php\/wp-json\/wp\/v2\/users\/2"}],"replies":[{"embeddable":true,"href":"https:\/\/www.acapulcopress.com\/index.php\/wp-json\/wp\/v2\/comments?post=1230862"}],"version-history":[{"count":0,"href":"https:\/\/www.acapulcopress.com\/index.php\/wp-json\/wp\/v2\/posts\/1230862\/revisions"}],"wp:featuredmedia":[{"embeddable":true,"href":"https:\/\/www.acapulcopress.com\/index.php\/wp-json\/"}],"wp:attachment":[{"href":"https:\/\/www.acapulcopress.com\/index.php\/wp-json\/wp\/v2\/media?parent=1230862"}],"wp:term":[{"taxonomy":"category","embeddable":true,"href":"https:\/\/www.acapulcopress.com\/index.php\/wp-json\/wp\/v2\/categories?post=1230862"},{"taxonomy":"post_tag","embeddable":true,"href":"https:\/\/www.acapulcopress.com\/index.php\/wp-json\/wp\/v2\/tags?post=1230862"}],"curies":[{"name":"wp","href":"https:\/\/api.w.org\/{rel}","templated":true}]}}