{"id":1230898,"date":"2021-07-10T00:08:53","date_gmt":"2021-07-10T05:08:53","guid":{"rendered":"https:\/\/www.acapulco.press\/?p=1230898"},"modified":"2021-07-10T00:08:53","modified_gmt":"2021-07-10T05:08:53","slug":"mar-de-fondo-continuara-el-fin-de-semana","status":"publish","type":"post","link":"https:\/\/www.acapulcopress.com\/index.php\/2021\/07\/10\/mar-de-fondo-continuara-el-fin-de-semana\/","title":{"rendered":"Mar de fondo continuar\u00e1 el fin de semana"},"content":{"rendered":"<p style=\"text-align: justify;\">CHILPANCINGO. * 9 de julio de 2021.<br \/>\n<em>) Secretar\u00eda de Protecci\u00f3n Civil Guerrero.<\/em><\/p>\n<p style=\"text-align: justify;\">La Secretar\u00eda de Protecci\u00f3n Civil Guerrero, informa que los efectos del fen\u00f3meno de Mar de Fondo, que afectan las costas del estado desde el pasado mi\u00e9rcoles, se intensificar\u00e1n gradualmente en el transcurso de la tarde del domingo 11 de julio, con olas <img loading=\"lazy\" decoding=\"async\" class=\"alignleft size-medium wp-image-1230900\" src=\"https:\/\/www.acapulco.press\/wp-content\/uploads\/2021\/07\/mar-de-fondo-guerrero-375x281.jpg\" alt=\"\" width=\"375\" height=\"281\" \/>que podr\u00edan superar los 2.7 metros de altura.<\/p>\n<p style=\"text-align: justify;\">La dependencia estatal recomienda a la poblaci\u00f3n en general, as\u00ed como a los prestadores de servicios tur\u00edsticos, a mantener las medidas de precauci\u00f3n en \u00e1reas de playa, para evitar accidentes que pongan en riesgo la integridad f\u00edsica de los ba\u00f1istas.<\/p>\n<p style=\"text-align: justify;\">De acuerdo con informaci\u00f3n de la Secretar\u00eda de Marina Armada de M\u00e9xico, los efectos de dicho fen\u00f3meno mar\u00edtimo prevalecer\u00e1n durante los pr\u00f3ximos d\u00edas, afectando desde la costa de Jalisco hasta Chiapas, incluyendo el estado de Guerrero, previ\u00e9ndose la intensificaci\u00f3n gradual del oleaje en el transcurso de la tarde del domingo once de julio, con olas de 2.1 a 2.7 metros de altura.<\/p>\n<p style=\"text-align: justify;\">Adem\u00e1s de alto oleaje, se prev\u00e9 la elevaci\u00f3n paulatina del nivel del mar, reducci\u00f3n de la zona de playas y la manifestaci\u00f3n de marejadas en forma recurrente, as\u00ed como la presencia de corrientes de arrastre.<\/p>\n<p style=\"text-align: justify;\">La Secretar\u00eda de Protecci\u00f3n Civil a trav\u00e9s del Centro de Monitoreo y An\u00e1lisis de Riesgos, vigila de forma permanente est\u00e1s condiciones mar\u00edtimas, a fin de emitir los avisos y alertamientos oportunos para la poblaci\u00f3n en general y autoridades municipales.<\/p>\n<p style=\"text-align: justify;\">Por lo anterior, se recomienda permanecer bien informados con fuentes oficiales y no propagar rumores sin sustento, as\u00ed como respetar las indicaciones del personal salvavidas y de protecci\u00f3n civil.<\/p>\n<p style=\"text-align: justify;\">Tambi\u00e9n se pide, evitar realizar deportes acu\u00e1ticos, no introducirse al mar, ni caminar en la franja de arena y respetar los protocolos sanitarios para evitar contagios de COVID-19.<\/p>\n<p style=\"text-align: justify;\">Al sector hotelero, restaurantero y prestadores de servicios tur\u00edsticos, se les pide colocar banderolas rojas en zona de playas y prohibir a los ba\u00f1istas meterse al mar, as\u00ed como retirar mobiliario y establecimientos semifijos tipo palapas.<\/p>\n<p style=\"text-align: justify;\">A los navegantes de embarcaciones menores, se les pide atender las indicaciones de la Capitan\u00eda de Puerto.<\/p>\n<p style=\"text-align: justify;\">En caso de alguna emergencia solicitar ayuda al personal salvavidas y de Protecci\u00f3n Civil, tambi\u00e9n reportar cualquier incidencia al n\u00famero de emergencias 911.<\/p>\n","protected":false},"excerpt":{"rendered":"<p>CHILPANCINGO. * 9 de julio de 2021. ) Secretar\u00eda de Protecci\u00f3n Civil Guerrero. La Secretar\u00eda de Protecci\u00f3n Civil Guerrero, informa que los efectos del fen\u00f3meno de Mar de Fondo, que afectan las costas del estado desde el pasado mi\u00e9rcoles, se intensificar\u00e1n gradualmente en el transcurso de la tarde del domingo 11 de julio, con olas&#8230;<\/p>\n","protected":false},"author":2,"featured_media":1230899,"comment_status":"closed","ping_status":"closed","sticky":false,"template":"","format":"standard","meta":{"footnotes":""},"categories":[1997],"tags":[],"class_list":["post-1230898","post","type-post","status-publish","format-standard","has-post-thumbnail","hentry","category-noticias-destacadas"],"_links":{"self":[{"href":"https:\/\/www.acapulcopress.com\/index.php\/wp-json\/wp\/v2\/posts\/1230898","targetHints":{"allow":["GET"]}}],"collection":[{"href":"https:\/\/www.acapulcopress.com\/index.php\/wp-json\/wp\/v2\/posts"}],"about":[{"href":"https:\/\/www.acapulcopress.com\/index.php\/wp-json\/wp\/v2\/types\/post"}],"author":[{"embeddable":true,"href":"https:\/\/www.acapulcopress.com\/index.php\/wp-json\/wp\/v2\/users\/2"}],"replies":[{"embeddable":true,"href":"https:\/\/www.acapulcopress.com\/index.php\/wp-json\/wp\/v2\/comments?post=1230898"}],"version-history":[{"count":0,"href":"https:\/\/www.acapulcopress.com\/index.php\/wp-json\/wp\/v2\/posts\/1230898\/revisions"}],"wp:featuredmedia":[{"embeddable":true,"href":"https:\/\/www.acapulcopress.com\/index.php\/wp-json\/"}],"wp:attachment":[{"href":"https:\/\/www.acapulcopress.com\/index.php\/wp-json\/wp\/v2\/media?parent=1230898"}],"wp:term":[{"taxonomy":"category","embeddable":true,"href":"https:\/\/www.acapulcopress.com\/index.php\/wp-json\/wp\/v2\/categories?post=1230898"},{"taxonomy":"post_tag","embeddable":true,"href":"https:\/\/www.acapulcopress.com\/index.php\/wp-json\/wp\/v2\/tags?post=1230898"}],"curies":[{"name":"wp","href":"https:\/\/api.w.org\/{rel}","templated":true}]}}