{"id":1230907,"date":"2021-07-11T12:15:40","date_gmt":"2021-07-11T17:15:40","guid":{"rendered":"https:\/\/www.acapulco.press\/?p=1230907"},"modified":"2021-07-11T12:15:40","modified_gmt":"2021-07-11T17:15:40","slug":"1230907","status":"publish","type":"post","link":"https:\/\/www.acapulcopress.com\/index.php\/2021\/07\/11\/1230907\/","title":{"rendered":""},"content":{"rendered":"<p style=\"text-align: justify;\">\u00bb <strong>\u00c1ngel Blanco<\/strong><br \/>\n<em>Especial para SurTv\u00a0<\/em><br \/>\nCon excepci\u00f3n de Luis Echeverr\u00eda \u00c1lvarez, cinco expresidentes de M\u00e9xico ser\u00e1n sometidos a <em>Consulta Popular<\/em> el pr\u00f3ximo 1 de agosto para determinar el ejercicio o no de la acci\u00f3n penal en su contra por el da\u00f1o que le hicieron a la Naci\u00f3n y a millones de mexicanos con sus pol\u00edticas err\u00e1ticas que, inclusive, afectan todav\u00eda a miles de familias mexicanas.<\/p>\n<p style=\"text-align: justify;\">Seg\u00fan el propulsor de esta iniciativa, Andr\u00e9s Manuel L\u00f3pez Obrador, a <strong>Carlos Salinas<\/strong> <strong>de Gortari<\/strong> se le acusa de la desigualdad que se profundiz\u00f3 en M\u00e9xico durante su sexenio y de haber entregado a particulares &#8211;nacionales y extranjeros&#8211;\u00a0 la cantidad \u201csin precedentes\u201d de bienes p\u00fablicos de la Naci\u00f3n. A <strong>Ernesto Zedillo Ponce de Le\u00f3n<\/strong>, AMLO lo acusa de haber continuado con las pol\u00edticas privatizadoras de Salinas de Gortari y del mega fraude cometido con el Fobaproa, cuya deuda p\u00fablica oscila en 2 billones de pesos &#8211;seg\u00fan los datos del Presidente&#8211;\u00a0 y est\u00e1 emplazada a liquidarse hasta el a\u00f1o 2070.<\/p>\n<p style=\"text-align: justify;\">L\u00f3pez Obrador se\u00f1ala a <strong>Vicente Fox Quezada<\/strong> de \u00abtraidor de la democracia\u00bb, de haber intervenido en la elecci\u00f3n de 2006 para favor a su sucesor, Felipe Calder\u00f3n<strong>,<\/strong> e impedir el triunfo de la oposici\u00f3n que \u00e9l encabezaba.<\/p>\n<p style=\"text-align: justify;\">AMLO tambi\u00e9n sostiene que <strong>Felipe Calder\u00f3n Hinojosa<\/strong> debe ser enjuiciado porque \u00abembarc\u00f3 al pa\u00eds en una estrategia militar supuestamente orientada a combatir el narcotr\u00e1fico, (pero solo logr\u00f3) exacerbar la violencia\u00bb y \u00abmultiplicar algunas zonas del territorio nacional bajo el control de bandas delictivas\u201d.<\/p>\n<p style=\"text-align: justify;\">A <strong>Enrique Pe\u00f1a Nieto<\/strong> (2012-2018) simple y llanamente lo acusa de corrupci\u00f3n, situaci\u00f3n de la que el el mismo gobierno de L\u00f3pez Obrador no ha estado exento.<\/p>\n<p style=\"text-align: justify;\">Para \u00d3scar Enrique D\u00edaz Santos, doctor en econom\u00eda y catedr\u00e1tico en la Universidad Nacional Aut\u00f3noma de M\u00e9xico; Daniel Quintanilla. licenciado en Derecho por el Instituto Tecnol\u00f3gico Aut\u00f3nomo de M\u00e9xico (ITAM), y Luis de la Barreda Sol\u00f3rzano, investigador del Instituto de Investigaciones Jur\u00eddicas e la UNAM, el objetivo de AMLO y su consulta no es hacer justicia, es &#8211;m\u00e1s bien&#8211; un &#8216;jugueteo&#8217; pol\u00edtico para mantener vigente su popularidad de cara a su reelecci\u00f3n en 2024, y una obsesi\u00f3n por confrontarse con el pasado, habiendo mucho qu\u00e9 hacer y por hacer por el presente y futuro de M\u00e9xico.<\/p>\n<p style=\"text-align: justify;\">A la luz de la Constituci\u00f3n y la jurisprudencia, la Consulta de L\u00f3pez Obrador es anticonstitucional e innecesaria, dicen estos analistas. Y explican por qu\u00e9: \u00abNo se requiere demasiada perspicacia para advertir que, de las conductas se\u00f1aladas, solamente las atribuidas a Fox y Pe\u00f1a podr\u00edan considerarse delictivas\u00bb, aunque \u00abrespecto a Fox habr\u00eda que comprob\u00e1rsele el fraude electoral \u2014nunca probado\u2014 en una elecci\u00f3n organizada, supervisada y calificada por el IFE\u00bb.<\/p>\n<p style=\"text-align: justify;\">Sobre Pe\u00f1a Nieto, de la Barreda Sol\u00f3rzano sostiene que \u00abla imputaci\u00f3n es una vaguedad oce\u00e1nica\u00bb, pues el se\u00f1alamiento carece de claridad, precisi\u00f3n o exactitud. Tendr\u00eda que comprob\u00e1rsele a Pe\u00f1a cada acto de corrupci\u00f3n con hechos, no con dichos ni suposiciones. En cuanto a que \u00abCalder\u00f3n convirti\u00f3 al pa\u00eds en un cementerio\u00bb, no hay mucho qu\u00e9 decir: \u00ab\u00a1La tasa de asesinatos en el actual sexenio es a\u00fan mayor!\u00bb, suscribe el investigador de la UNAM, a quien los hechos le dan la raz\u00f3n si se toma en cuenta que durante el sexenio de Calder\u00f3n se contabilizaron 84 mil 786 muertes, mientras que en el de AMLO los muertos por circunstancias similares ya superan 87 mil 271 muertos en apenas 3 a\u00f1os de gobierno.<\/p>\n<p style=\"text-align: justify;\"><strong>\u00bfEs posible llevar a juicio a los expresidentes?<\/strong><\/p>\n<p style=\"text-align: justify;\">\u00abS\u00ed\u00bb, responde Mart\u00edn Vivanco Lira, abogado por la Escuela Libre de Derecho y Maestro en Argumentaci\u00f3n Jur\u00eddica y Teor\u00eda Pol\u00edtica por la Universidad de Alicante y la Escuela de Econom\u00eda y Ciencias\u00a0 Pol\u00edticas de Londres, Inglaterra.<\/p>\n<p style=\"text-align: justify;\">\u00abS\u00ed es viable porque ellos ya no gozan de ninguna protecci\u00f3n especial (como el &#8216;fuero constitucional&#8217;)\u00bb; adem\u00e1s, \u00abel principio de legalidad y de acceso a la justicia obligan a las autoridades competentes a que, cuando tengan conocimiento de hechos que pueden ser constitutivos de ciertos delitos, act\u00faen por s\u00ed mismas y procedan legalmente. Si alg\u00fan expresidente cae en este supuesto, nada impide a las autoridades actuar\u00bb.<\/p>\n<p style=\"text-align: justify;\">Sobre la pregunta esencial de la Consulta, [\u00ab<strong><em>\u00bfest\u00e1s de acuerdo o no en que se lleven a cabo las acciones pertinentes, con apego al marco constitucional y legal, para emprender un proceso de esclarecimiento de las decisiones pol\u00edticas tomadas en los a\u00f1os pasados por los actores pol\u00edticos encaminado a garantizar la justicia y los derechos de las posibles v\u00edctimas?\u00bb<\/em><\/strong><em>],\u00a0 <\/em>ambos juristas concuerdan que, con base a los reformados art\u00edculos 108 y 111 de la Constituci\u00f3n Mexicana, el Presidente \u00absolo debe aplicar la ley\u00bb y punto,\u00a0 pues finalmente los candidatos a juicio pol\u00edtico ya \u00abson expresidentes; ya no tienen la protecci\u00f3n de la inmunidad pol\u00edtica\u201d.<\/p>\n<p style=\"text-align: justify;\">\u00abSi el Presidente tiene pruebas de que alguno de esos mandatarios incurri\u00f3 en delito, debe presentar la denuncia respectiva ante la Fiscal\u00eda General de la Rep\u00fablica, \u00fanica autoridad que, conforme a derecho, est\u00e1 facultada para decidir si es procedente el ejercicio de la acci\u00f3n penal. \u00a1Solamente en las dictaduras se han sometido al juicio de &#8216;tribunales populares&#8217; asuntos relativos al poder punitivo del Estado. En el Estado de derecho, la justicia penal se rige por principios que excluyen el linchamiento anticipado\u00bb, remacha el jurista Luis de la Barrera.<\/p>\n<p style=\"text-align: justify;\"><strong>PRESENTACI\u00d3N<br \/>\n<\/strong><br \/>\nJoaqu\u00edn #Jacko Badillo Escamilla es Presidente del Consejo Coordinador Empresarial en Guerrero (CCE) y Presidente de la Fundaci\u00f3n<em> Jackomienza, A.C.;<\/em> cuenta con Doctorado en Administraci\u00f3n P\u00fablica y Ciencia Pol\u00edtica; fue candidato a presidente municipal de Acapulco en 2015 por el Partido Verde Ecologista, (PVEM), con el cual obtuvo 91 mil 830 votos. En 2018 busc\u00f3 de nuevo la presidencia municipal representando al PRD, MC y PAN y obtuvo el segundo lugar con 147 mil 896 sufragios. Actualmente es Diputado Local Electo por Mayor\u00eda Relativa; en la elecci\u00f3n del 6 de junio, bajo las siglas de Morena contendi\u00f3 por el Distrito 9 de Acapulco, el cual gan\u00f3 con 17 mil 464 votos. A\u00a0partir del 1 de septiembre ser\u00e1 uno de los 46 integrantes de la <em>LXIII Legislatura <\/em>del Congreso del Estado de Guerrero.<\/p>\n<p style=\"text-align: justify;\"><strong>PREGUNTAS<\/strong><\/p>\n<p style=\"text-align: justify;\">1.- <strong>\u00bfEs delito la &#8216;traici\u00f3n a la democracia\u00bb, es decir, intervenir en una elecci\u00f3n desde las c\u00fapulas de poder para favorecer a alg\u00fan candidato?<\/strong><br \/>\nLa elecci\u00f3n reciente del 6 de junio pasado ha sido impugnada en al menos 4 estados, entre ellos Guerrero, por irregularidades electorales que podr\u00edan interpretarse como \u00abtraici\u00f3n a la democracia\u00bb, &#8216;delito&#8217; &#8211;entre comillas&#8211; por el que se pide enjuiciar a <strong>Vicent Fox, <\/strong>pero cuyos se\u00f1alamientos tambi\u00e9n se le hacen al Presidente de la Rep\u00fablica a la luz de evidencias donde \u00e9l, personalmente, reconoce intromisiones a la democracia para favorecer a sus candidatos y a su partido.<br \/>\n] <strong><em>\u00bfQu\u00e9 comentarios tiene Usted, al respecto?<\/em><\/strong><\/p>\n<p style=\"text-align: justify;\">2.- <strong>\u00bfPor qu\u00e9 no se incluy\u00f3 a Luis Echeverr\u00eda \u00c1lvarez en la Consulta Popular?<\/strong><br \/>\nEcheverr\u00eda \u00c1lvarez tambi\u00e9n hizo da\u00f1o a muchos estudiantes mexicanos en actos violentos equiparables a las acciones emprendidas por Calder\u00f3n que dejaron miles de v\u00edctimas.\u00a0 A Echeverr\u00eda se le vincula con la matanza de estudiantes en Tlatelolco el 2 de octubre de 1968, siendo secretario de Gobernaci\u00f3n en el sexenio de Gustavo D\u00edaz Ordaz; tambi\u00e9n el inolvidable &#8216;Halconazo&#8217; ocurrido el 10 de junio de 1971, ya como Presidente de la Rep\u00fablica, cuyo saldo fue de 17 estudiantes muertos&#8211;, as\u00ed tambi\u00e9n se le se\u00f1ala como el orquestador de la\u00a0 \u00abguerra sucia\u00bb implementada contra los movimientos de oposici\u00f3n surgidos despu\u00e9s de la masacre de 1968.<br \/>\n<em>] \u00bfSu punto de vista?<\/em><\/p>\n<p style=\"text-align: justify;\">3.- <strong>\u00bfEs delito la corrupci\u00f3n?<\/strong><br \/>\nL\u00f3pez Obrador a incluido acusa a <strong>Enrique Pe\u00f1a Nieto<\/strong> de \u00abactos evidentes de corrupci\u00f3n\u00bb, situaci\u00f3n de la que no ha estado exento el gobierno de la 4T. <strong>La pregunta<\/strong>:\u00a0 \u00bfL\u00f3pez Obrador corre el mismo riesgo de ser enjuiciado &#8211;en el futuro&#8211; por &#8216;delitos&#8217; similares imputados a sus antecesores?<\/p>\n<p style=\"text-align: justify;\">4.- <strong>\u00bfConcuerda Usted con los juristas y especialistas Enrique D\u00edaz, Luis de la Barrera y Daniel Quintanilla, respecto a que con la Consulta Popular \u00abs\u00f3lo se va a perder el tiempo porque, en materia judicial, va a ser muy dif\u00edcil comprobar que alg\u00fan expresidente cometi\u00f3 actos de corrupci\u00f3n o ilegalidades que, aunque resulten ciertas las investigaciones que se realicen, quienes caer\u00e1n no van a ser los expresidentes, sino aquellos que firmaron, que recibieron la orden de hacerlo?\u00bb<\/strong><\/p>\n<p style=\"text-align: justify;\">5- <strong>Por todo lo anterior, \u00bfconsidera Usted un \u00abacto de justicia o de popularidad\u00bb la in\u00e9dita Consulta Popular contra los expresidentes de M\u00e9xico?<\/strong><\/p>\n<p style=\"text-align: justify;\">SOBRE JACKO BADILLO, EL DIPUTADO<\/p>\n<p style=\"text-align: justify;\">1.- <strong>\u00bfQu\u00e9 esperan los guerrerenses de Jacko Badillo como diputado?<br \/>\n<\/strong>(Propuestas)<\/p>\n<p style=\"text-align: justify;\">2-<strong> \u00bfCree que en la pr\u00f3xima Legislatura de Guerrero se logre la convergencia de opiniones en lugar de las resoluciones partidistas, a fin de\u00a0 anteponer los intereses de los Guerrerenses y no los de cada partido?<\/strong><\/p>\n<p style=\"text-align: justify;\">DESPEDIDA (Opcional)<\/p>\n<p style=\"text-align: justify;\">#SurTv<\/p>\n<p style=\"text-align: justify;\">SOPORTES<br \/>\n<strong>AMLO enlista las razones para llevar a juicio a 5 expresidentes de M\u00e9xico<\/strong><br \/>\n] https:\/\/politica.expansion.mx\/mexico\/2021\/06\/22\/amlo-enlista-las-razones-para-llevar-a-juicio-a-5-expresidentes-de-mexico<\/p>\n<p style=\"text-align: justify;\"><strong>Estos son los motivos de AMLO para enjuiciar a cinco expresidentes<\/strong><br \/>\nhttps:\/\/www.elsoldemexico.com.mx\/mexico\/politica\/estos-son-los-motivos-de-amlo-para-enjuiciar-a-cinco-expresidentes-5762789.html<\/p>\n<p style=\"text-align: justify;\"><strong>Juicio a expresidentes, dif\u00edcil de realizar<\/strong><br \/>\n] https:\/\/contralinea.com.mx\/juicio-a-expresidentes-no-requiere-de-la-proxima-consulta-ciudadana\/<\/p>\n<p style=\"text-align: justify;\"><strong>Juicio a expresidentes y los mitos de los extremos<\/strong><br \/>\n] https:\/\/eljuegodelacorte.nexos.com.mx\/juicio-a-expresidentes-y-los-mitos-de-los-extremos-politica<\/p>\n<p style=\"text-align: justify;\"><strong>Los absurdos de la consulta para enjuiciar a los expresidentes<\/strong><br \/>\n] https:\/\/eljuegodelacorte.nexos.com.mx\/los-absurdos-de-la-consulta-para-enjuiciar-a-los-expresidentes\/<\/p>\n<p style=\"text-align: justify;\"><strong>\u00bfExpresidentes a juicio?<\/strong><br \/>\n] https:\/\/revistas.juridicas.unam.mx\/index.php\/hechos-y-derechos\/article\/view\/15012\/15969<\/p>\n","protected":false},"excerpt":{"rendered":"<p>\u00bb \u00c1ngel Blanco Especial para SurTv\u00a0 Con excepci\u00f3n de Luis Echeverr\u00eda \u00c1lvarez, cinco expresidentes de M\u00e9xico ser\u00e1n sometidos a Consulta Popular el pr\u00f3ximo 1 de agosto para determinar el ejercicio o no de la acci\u00f3n penal en su contra por el da\u00f1o que le hicieron a la Naci\u00f3n y a millones de mexicanos con sus&#8230;<\/p>\n","protected":false},"author":2,"featured_media":0,"comment_status":"closed","ping_status":"closed","sticky":false,"template":"","format":"standard","meta":{"footnotes":""},"categories":[1993],"tags":[],"class_list":["post-1230907","post","type-post","status-publish","format-standard","hentry","category-pendientes"],"_links":{"self":[{"href":"https:\/\/www.acapulcopress.com\/index.php\/wp-json\/wp\/v2\/posts\/1230907","targetHints":{"allow":["GET"]}}],"collection":[{"href":"https:\/\/www.acapulcopress.com\/index.php\/wp-json\/wp\/v2\/posts"}],"about":[{"href":"https:\/\/www.acapulcopress.com\/index.php\/wp-json\/wp\/v2\/types\/post"}],"author":[{"embeddable":true,"href":"https:\/\/www.acapulcopress.com\/index.php\/wp-json\/wp\/v2\/users\/2"}],"replies":[{"embeddable":true,"href":"https:\/\/www.acapulcopress.com\/index.php\/wp-json\/wp\/v2\/comments?post=1230907"}],"version-history":[{"count":0,"href":"https:\/\/www.acapulcopress.com\/index.php\/wp-json\/wp\/v2\/posts\/1230907\/revisions"}],"wp:attachment":[{"href":"https:\/\/www.acapulcopress.com\/index.php\/wp-json\/wp\/v2\/media?parent=1230907"}],"wp:term":[{"taxonomy":"category","embeddable":true,"href":"https:\/\/www.acapulcopress.com\/index.php\/wp-json\/wp\/v2\/categories?post=1230907"},{"taxonomy":"post_tag","embeddable":true,"href":"https:\/\/www.acapulcopress.com\/index.php\/wp-json\/wp\/v2\/tags?post=1230907"}],"curies":[{"name":"wp","href":"https:\/\/api.w.org\/{rel}","templated":true}]}}