{"id":1230938,"date":"2021-07-12T19:47:10","date_gmt":"2021-07-13T00:47:10","guid":{"rendered":"https:\/\/www.acapulco.press\/?p=1230938"},"modified":"2021-07-12T19:47:10","modified_gmt":"2021-07-13T00:47:10","slug":"termina-copa-america-con-179-casos-confirmados-de-covid19","status":"publish","type":"post","link":"https:\/\/www.acapulcopress.com\/index.php\/2021\/07\/12\/termina-copa-america-con-179-casos-confirmados-de-covid19\/","title":{"rendered":"Termina Copa Am\u00e9rica con 179 casos confirmados de Covid19"},"content":{"rendered":"<p style=\"text-align: justify;\">R\u00cdO DE JANEIRO. * 12 de julio de 2021.<br \/>\n<em>) <a href=\"https:\/\/apnews.com\/article\/deportes-f2abb5dbf8e7842f0ce50b0084773c25\" target=\"_blank\" rel=\"noopener\">AP<\/a>.<\/em><\/p>\n<p style=\"text-align: justify;\">Un total de 179 casos confirmados de COVID-19 estuvieron vinculados con la Copa Am\u00e9rica, inform\u00f3 el lunes el ministerio de Salud de Brasil. La cantidad reflej\u00f3 una alza de 13 con respecto al \u00faltimo reporte hace 17 d\u00edas.<\/p>\n<p style=\"text-align: justify;\">El ministerio no detall\u00f3 cu\u00e1n grave fue los contagios de los afectados.<\/p>\n<p style=\"text-align: justify;\">La cifra no contempla posibles infecciones entre los pocos miles de invitados que pudieron presenciar a la Argentina de Lionel Messi derrotar el s\u00e1bado 1-0 a Brasil en la final que se jug\u00f3 en el estadio Maracan\u00e1. La final fue el \u00fanico partido del certamen con p\u00fablico en las gradas.<\/p>\n<p style=\"text-align: justify;\">\u201cEl bajo n\u00famero de contagios certifica que la Copa Am\u00e9rica se realiz\u00f3 en Brasil con seguridad y no provoc\u00f3 un increment\u00f3 de las cifras de COVID-19\u201d, dijo el ministerio en un comunicado.<\/p>\n<p style=\"text-align: justify;\">Los expertos sanitarios advirtieron previo al torneo que Brasil afrontaba una nueva oleada del coronavirus para fines de junio, pero ello no se materializ\u00f3.<\/p>\n<p style=\"text-align: justify;\">Alrededor del 26% de la poblaci\u00f3n de Brasil ha sido vacunada contra el virus, seg\u00fan Our World in Data, una web que lleva un registro de la pandemia. Esa cifra rozaba el 14% al inicio del torneo.<\/p>\n<p style=\"text-align: justify;\">No se supo de muchas aglomeraciones de gente en los bares y restaurantes durante los partidos de la Copa Am\u00e9rica en Brasil, incluso en la final.<\/p>\n<p style=\"text-align: justify;\">El ministerio de Salud dijo que se realizaron 28.772 pruebas a participantes en el torneo, entre el 11 de junio y el 10 de julio, y que el 0.6% de los resultados arroj\u00f3 positivo. Al comienzo del torneo, la cifra de alrededor 1%.<\/p>\n<p style=\"text-align: justify;\">Los positivos incluyeron a 36 jugadores o personal de las selecciones, 137 empleados subcontratados para el torneo y seis vinculados con la CONMEBOL. Venezuela, Bolivia, Colombia, Per\u00fa y Chile confirmaron casos en sus planteles. Ning\u00fan partido fue suspendido o se demor\u00f3 por contagios.<\/p>\n<p style=\"text-align: justify;\">La CONMEBOL colabor\u00f3 con el ministerio para el rastreo de contactos.<\/p>\n<p style=\"text-align: justify;\">M\u00e1s de 533.000 personas han fallecido en Brasil por el coronavirus.<\/p>\n<p style=\"text-align: justify;\">El presidente brasile\u00f1o Jair Bolsonaro, cr\u00edtico de las medidas de distanciamiento social y que promovi\u00f3 organizar de emergencia el torneo, no acudi\u00f3 a ninguno de los partidos.<\/p>\n<p style=\"text-align: justify;\">En principio, el certamen iba a ser organizado en conjunto por Colombia y Argentina. Pero desistieron por protestas en Colombia y el agravamiento de la pandemia en Argentina. Brasil se encarg\u00f3 de montar el torneo a falta de dos semanas para el partido inaugural.<\/p>\n<p style=\"text-align: justify;\">Los brasile\u00f1os suelen despreciar la Copa Am\u00e9rica. Pero en Argentina, por conquistar su primer gran t\u00edtulo internacional en 28 a\u00f1os, los festejos fueron masivos en las calles, temi\u00e9ndose m\u00e1s contagios en un pa\u00eds donde casi 100.000 personas han fallecido por el coronavirus.<\/p>\n","protected":false},"excerpt":{"rendered":"<p>R\u00cdO DE JANEIRO. * 12 de julio de 2021. ) AP. Un total de 179 casos confirmados de COVID-19 estuvieron vinculados con la Copa Am\u00e9rica, inform\u00f3 el lunes el ministerio de Salud de Brasil. La cantidad reflej\u00f3 una alza de 13 con respecto al \u00faltimo reporte hace 17 d\u00edas. El ministerio no detall\u00f3 cu\u00e1n grave&#8230;<\/p>\n","protected":false},"author":2,"featured_media":1230939,"comment_status":"closed","ping_status":"closed","sticky":false,"template":"","format":"standard","meta":{"footnotes":""},"categories":[1972,1988,18566],"tags":[6592,6705],"class_list":["post-1230938","post","type-post","status-publish","format-standard","has-post-thumbnail","hentry","category-special","category-lifestyles","category-sports-lifestyles","tag-copa-america","tag-covid19"],"_links":{"self":[{"href":"https:\/\/www.acapulcopress.com\/index.php\/wp-json\/wp\/v2\/posts\/1230938","targetHints":{"allow":["GET"]}}],"collection":[{"href":"https:\/\/www.acapulcopress.com\/index.php\/wp-json\/wp\/v2\/posts"}],"about":[{"href":"https:\/\/www.acapulcopress.com\/index.php\/wp-json\/wp\/v2\/types\/post"}],"author":[{"embeddable":true,"href":"https:\/\/www.acapulcopress.com\/index.php\/wp-json\/wp\/v2\/users\/2"}],"replies":[{"embeddable":true,"href":"https:\/\/www.acapulcopress.com\/index.php\/wp-json\/wp\/v2\/comments?post=1230938"}],"version-history":[{"count":0,"href":"https:\/\/www.acapulcopress.com\/index.php\/wp-json\/wp\/v2\/posts\/1230938\/revisions"}],"wp:featuredmedia":[{"embeddable":true,"href":"https:\/\/www.acapulcopress.com\/index.php\/wp-json\/"}],"wp:attachment":[{"href":"https:\/\/www.acapulcopress.com\/index.php\/wp-json\/wp\/v2\/media?parent=1230938"}],"wp:term":[{"taxonomy":"category","embeddable":true,"href":"https:\/\/www.acapulcopress.com\/index.php\/wp-json\/wp\/v2\/categories?post=1230938"},{"taxonomy":"post_tag","embeddable":true,"href":"https:\/\/www.acapulcopress.com\/index.php\/wp-json\/wp\/v2\/tags?post=1230938"}],"curies":[{"name":"wp","href":"https:\/\/api.w.org\/{rel}","templated":true}]}}