{"id":1230951,"date":"2021-07-12T20:41:09","date_gmt":"2021-07-13T01:41:09","guid":{"rendered":"https:\/\/www.acapulco.press\/?p=1230951"},"modified":"2021-07-12T20:41:09","modified_gmt":"2021-07-13T01:41:09","slug":"rehabilito-gobierno-de-astudillo-100-de-escuelas-afectadas-por-sismos-en-huitzuco","status":"publish","type":"post","link":"https:\/\/www.acapulcopress.com\/index.php\/2021\/07\/12\/rehabilito-gobierno-de-astudillo-100-de-escuelas-afectadas-por-sismos-en-huitzuco\/","title":{"rendered":"Rehabilit\u00f3 Gobierno de Astudillo 100% de escuelas afectadas por sismos en Huitzuco"},"content":{"rendered":"<p style=\"text-align: justify;\">HUITZUCO. * 12 de julio de 2021.<br \/>\n) Gobierno de Guerrero.<\/p>\n<p style=\"text-align: justify;\"><img loading=\"lazy\" decoding=\"async\" class=\"alignleft size-medium wp-image-1230956\" src=\"https:\/\/www.acapulco.press\/wp-content\/uploads\/2021\/07\/ESCUELAS-HUITZUCO5-375x250.jpg\" alt=\"\" width=\"375\" height=\"250\" \/>El gobernador H\u00e9ctor Astudillo Flores dijo en Huitzuco de los Figueroa que aspira a que el gobierno que llegue sea mejor que el que hizo, que trabaje mucho, que ayude mucho porque Guerrero merece la entrega y el tiempo completo de quien lo vaya a gobernar.<\/p>\n<p style=\"text-align: justify;\">Acompa\u00f1ado de su esposa, la presidenta del DIF Guerrero, Mercedes Calvo, el mandatario estatal inaugur\u00f3 la Escuela Primaria \u00abConrado Abundes\u00bb, uno de los 77 planteles que fueron atendidos tras las afectaciones por el sismo del 19 de septiembre del 2017.<\/p>\n<p style=\"text-align: justify;\">En su mensaje, Astudillo Flores resalt\u00f3 la inversi\u00f3n que se ha realizado en el estado en infraestructura educativa.<\/p>\n<p style=\"text-align: justify;\"><img loading=\"lazy\" decoding=\"async\" class=\"alignleft size-medium wp-image-1230955\" src=\"https:\/\/www.acapulco.press\/wp-content\/uploads\/2021\/07\/ESCUELAS-HUITZUCO4-375x250.jpg\" alt=\"\" width=\"375\" height=\"250\" \/>Sin embargo, se\u00f1al\u00f3 que ahora se tiene que dar vida a las escuelas con el regreso a clases presenciales.<\/p>\n<p style=\"text-align: justify;\">En ese sentido llam\u00f3 a la poblaci\u00f3n a seguirse vacunando para enfrentar la pandemia y continuar con los protocolos de salud para lograr un regreso responsable y ordenado a las aulas.<\/p>\n<p style=\"text-align: justify;\">\u201cSiempre y cuando existan las condiciones, si no hay condiciones, desde ahorita les digo, no regresaremos a clases porque no nos vamos arriesgar, no por hacer algo nos vamos a meter en problemas, no queremos meter en riesgo ni a los ni\u00f1os ni a los maestros ni a los pap\u00e1s\u201d, fue contundente.<\/p>\n<p style=\"text-align: justify;\"><img loading=\"lazy\" decoding=\"async\" class=\"alignleft size-medium wp-image-1230954\" src=\"https:\/\/www.acapulco.press\/wp-content\/uploads\/2021\/07\/ESCUELAS-HUITZUCO3-375x250.jpg\" alt=\"\" width=\"375\" height=\"250\" \/>Se comprometi\u00f3 a regresar para inaugurar la Unidad Deportiva y el Centro de Salud con Servicios Ampliados.<\/p>\n<p style=\"text-align: justify;\">En el marco de esta gira, el director del Instituto Guerrerense de la Infraestructura F\u00edsica Educativa, Jorge Alcocer Navarrete detall\u00f3 que se realizaron 167 obras en un total de 77 escuelas afectadas por el sismo del 19 de septiembre del 2017, las cuales hoy todas han sido rehabilitadas o reconstruidas con una inversi\u00f3n de m\u00e1s de 240 millones de pesos.<\/p>\n<p style=\"text-align: justify;\">A trav\u00e9s de la Coordinaci\u00f3n T\u00e9cnica del Registro Civil se atendi\u00f3 con servicios gratuitos a 548 tramites de actas de nacimiento, matrimonio, correcciones, as\u00ed como actas en sistema braille.<\/p>\n<p style=\"text-align: justify;\"><img loading=\"lazy\" decoding=\"async\" class=\"alignleft size-medium wp-image-1230953\" src=\"https:\/\/www.acapulco.press\/wp-content\/uploads\/2021\/07\/ESCUELAS-HUITZUCO2-375x250.jpg\" alt=\"\" width=\"375\" height=\"250\" \/>El presidente municipal, Jos\u00e9 Luis \u00c1vila L\u00f3pez reconoci\u00f3 la solidaridad y respaldo del mandatario con hechos y obras sin precedentes.<\/p>\n<p style=\"text-align: justify;\">Ismael Gonz\u00e1lez Villegas, director de este plantel educativo y la alumna Juliet Figueroa Mendoza coincidieron que H\u00e9ctor Astudillo Flores pasar\u00e1 a la historia por ser el gobernador que m\u00e1s le invirti\u00f3 a la Infraestructura educativa.<\/p>\n","protected":false},"excerpt":{"rendered":"<p>HUITZUCO. * 12 de julio de 2021. ) Gobierno de Guerrero. El gobernador H\u00e9ctor Astudillo Flores dijo en Huitzuco de los Figueroa que aspira a que el gobierno que llegue sea mejor que el que hizo, que trabaje mucho, que ayude mucho porque Guerrero merece la entrega y el tiempo completo de quien lo vaya&#8230;<\/p>\n","protected":false},"author":2,"featured_media":1230952,"comment_status":"closed","ping_status":"closed","sticky":false,"template":"","format":"standard","meta":{"footnotes":""},"categories":[1983,18561],"tags":[7313,9302,9705,12943],"class_list":["post-1230951","post","type-post","status-publish","format-standard","has-post-thumbnail","hentry","category-guerrerogob","category-society-politics","tag-dif-guerrero","tag-gobierno-de-guerrero","tag-hector-astudillo-flores","tag-mercedes-calvo-de-astudillo"],"_links":{"self":[{"href":"https:\/\/www.acapulcopress.com\/index.php\/wp-json\/wp\/v2\/posts\/1230951","targetHints":{"allow":["GET"]}}],"collection":[{"href":"https:\/\/www.acapulcopress.com\/index.php\/wp-json\/wp\/v2\/posts"}],"about":[{"href":"https:\/\/www.acapulcopress.com\/index.php\/wp-json\/wp\/v2\/types\/post"}],"author":[{"embeddable":true,"href":"https:\/\/www.acapulcopress.com\/index.php\/wp-json\/wp\/v2\/users\/2"}],"replies":[{"embeddable":true,"href":"https:\/\/www.acapulcopress.com\/index.php\/wp-json\/wp\/v2\/comments?post=1230951"}],"version-history":[{"count":0,"href":"https:\/\/www.acapulcopress.com\/index.php\/wp-json\/wp\/v2\/posts\/1230951\/revisions"}],"wp:featuredmedia":[{"embeddable":true,"href":"https:\/\/www.acapulcopress.com\/index.php\/wp-json\/"}],"wp:attachment":[{"href":"https:\/\/www.acapulcopress.com\/index.php\/wp-json\/wp\/v2\/media?parent=1230951"}],"wp:term":[{"taxonomy":"category","embeddable":true,"href":"https:\/\/www.acapulcopress.com\/index.php\/wp-json\/wp\/v2\/categories?post=1230951"},{"taxonomy":"post_tag","embeddable":true,"href":"https:\/\/www.acapulcopress.com\/index.php\/wp-json\/wp\/v2\/tags?post=1230951"}],"curies":[{"name":"wp","href":"https:\/\/api.w.org\/{rel}","templated":true}]}}