{"id":1230972,"date":"2021-07-12T23:27:22","date_gmt":"2021-07-13T04:27:22","guid":{"rendered":"https:\/\/www.acapulco.press\/?p=1230972"},"modified":"2021-07-12T23:27:22","modified_gmt":"2021-07-13T04:27:22","slug":"juicio-a-expresidentes-y-a-amlo-cuando","status":"publish","type":"post","link":"https:\/\/www.acapulcopress.com\/index.php\/2021\/07\/12\/juicio-a-expresidentes-y-a-amlo-cuando\/","title":{"rendered":"Juicio a expresidentes&#8230; \u00bfy a AMLO, cu\u00e1ndo?"},"content":{"rendered":"<p style=\"text-align: justify;\">Jiribilla Coste\u00f1a<br \/>\n]<strong> El Brujo Chiripero<\/strong><br \/>\n<em>\u00bb Acapulco Press<\/em><\/p>\n<p style=\"text-align: justify;\">La pregunta es justa y sensata &#8211;sin matices pol\u00edticos ni partidistas, sin af\u00e1n de enardecer a sus feligreses ni desatar las toxinas de sus defensores y aplaudidores&#8211;, pero s\u00ed incisiva y con sustentos: \u00ab\u00bfAMLO no merece juicio pol\u00edtico por el genocidio de la pandemia ocasionado por su negligencia que suma, al d\u00eda de hoy, 247 mil 275 decesos, o por los miles de ni\u00f1os consumidos por el c\u00e1ncer a falta de medicamentos oncol\u00f3gicos (m\u00e1s de 2 mil 190, seg\u00fan la Asociaci\u00f3n Mexicana de Ayuda a Ni\u00f1os con C\u00e1ncer (\u200bAMANC), y los miles de ca\u00eddos por su exceso de &#8216;abrazos&#8217; al crimen organizado y el narcotr\u00e1fico (m\u00e1s de 87 mil 271 contabilizados hasta el mes de junio de este a\u00f1o, seg\u00fan datos del Secretariado Ejecutivo del Sistema Nacional de Seguridad P\u00fablica)?\u00bb<\/p>\n<p style=\"text-align: justify;\">Para todo aqu\u00e9l que promueva la Consulta Popular del Presidente o est\u00e9 indeciso en participar, primero deber\u00eda conocer los motivos que impulsan a AMLO a involucrar al &#8216;sabio pueblo&#8217; en su linchamiento a no uno ni dos, sino a cinco expresidentes.<\/p>\n<p style=\"text-align: justify;\"><strong>\u00bfDe qu\u00e9\u00a0 acusa L\u00f3pez Obrados a sus antecesores?\u00a0<\/strong><\/p>\n<p style=\"text-align: justify;\">\u00bb A <strong>Carlos Salinas de Gortari<\/strong> (1988-1994) lo se\u00f1ala de que \u00abdurante su sexenio crecieron m\u00e1s en nuestro pa\u00eds las diferencias entre ricos y pobres y de haber entregado a particulares una cantidad sin precedentes de bienes p\u00fablicos\u00bb.<\/p>\n<p style=\"text-align: justify;\">\u00bb De <strong>Ernesto Zedillo Ponce de Le\u00f3n<\/strong> (1994-2000) L\u00f3pez Obrador dice que \u00abcontinu\u00f3 pol\u00edticas privatizadoras de su antecesor y las llev\u00f3 hasta sus \u00faltimas consecuencias; adem\u00e1s, adjudic\u00f3 a los mexicanos deudas privadas en el marco del llamado rescate bancario del Fobaproa en 1998, fondo al que aunque el pa\u00eds ha pagado a los bancos 700 mil millones de pesos por bonos e intereses, esa deuda p\u00fablica hoy asciende a 2 billones de pesos y no terminar\u00e1 de saldarse hasta el a\u00f1o 2070\u201d.<\/p>\n<p style=\"text-align: justify;\"><strong>\u00bb Vicente Fox Quesada<\/strong> (2000-2006) es acusado de \u00abtraidor de la democracia\u00bb; de haber intervenido en la elecci\u00f3n del 2006 para favorecer a su sucesor, Felipe Calder\u00f3n, e impedir el triunfo de la oposici\u00f3n que en aqu\u00e9l entonces L\u00f3pez Obrador encabezaba.<\/p>\n<p style=\"text-align: justify;\">\u00bb De <strong>Felipe Calder\u00f3n Hinojosa<\/strong> (2006-2012) AMLO se\u00f1ala que es responsable de haber desatado \u00abuna guerra a la delincuencia sin atender las causas y se llevaron a cabo masacres a niveles de letalidad en enfrentamientos\u00bb. En dos a\u00f1os de su gobierno, en la \u201cGuerra contra el narcotr\u00e1fico\u201d hubo m\u00e1s enfrentamientos y muertos que heridos o detenidos.<\/p>\n<p style=\"text-align: justify;\">\u00bb Finalmente, a <strong>Enrique Pe\u00f1a Nieto <\/strong>(2012-2018) simple y llanamente lo acusa de corrupci\u00f3n&#8230; de la \u00abevidente corrupci\u00f3n\u00bb que imper\u00f3 en su gobierno.<\/p>\n<p style=\"text-align: justify;\">Ahora vayamos paso a paso&#8230;<\/p>\n<p style=\"text-align: justify;\">El &#8216;presidente de la paz y el bienestar&#8217; atribuye a Felipe Calder\u00f3n haber convertido a M\u00e9xico en un \u00abcementerio\u00bb, pero los muertos del gobierno de AMLO superan al doble las cifras de v\u00edctimas de la violencia generada por su pol\u00edtica de abrazos y no balazos al crimen organizado y el narcotr\u00e1fico.<\/p>\n<p style=\"text-align: justify;\">Con Felipe Calder\u00f3n oficialmente se registraron 30 mil 572 expedientes por homicidios dolosos; con Pe\u00f1a Nieto, 41 mil 979&#8230; en solo 3 a\u00f1os de &#8216;gobierno <em>morenista<\/em>&#8216; las cifras rebasan los 72 mil 891 expedientes abiertos por homicidios dolosos (las cifras tambi\u00e9n pertenecen al Secretariado Ejecutivo del Sistema Nacional de Seguridad P\u00fablica del Gobierno federal).<\/p>\n<p style=\"text-align: justify;\">De la \u00abcorrupci\u00f3n\u00bb en su gobierno ni se hable, es \u00abevidentemente\u00bb m\u00e1s escandalosa e impune que la de sus antecesores porque en el actual gobierno se encubren hasta las corruptelas probas de los parientes del Presidente. De la \u00abtraici\u00f3n a la democracia\u00bb, \u00a1menos!<\/p>\n<p style=\"text-align: justify;\">Comparando las imputaciones que Andr\u00e9s Manuel L\u00f3pez Obrador hace a sus antecesores para &#8216;jugar&#8217; pol\u00edticamente con el electorado a fin de legalizar una consulta impopular e intrascendente con el \u00fanico fin de acrecentar su popularidad de cara a su ansiada reelecci\u00f3n en 2024, el Presidente de la 4T resulta igual de culpable de los mismos &#8216;delitos&#8217; que imputa a sus antecesores.<\/p>\n<p style=\"text-align: justify;\">Aqu\u00ed las razones.<\/p>\n<p style=\"text-align: justify;\">Su gobierno tambi\u00e9n ha convertido a M\u00e9xico en un &#8216;cementerio&#8217; (como Calder\u00f3n); su gobierno tambi\u00e9n est\u00e1 plagado de \u00abevidente corrupci\u00f3n\u00bb (como el de Pe\u00f1a) y de \u00abdesigualdad social\u00bb (como el de Salinas). En 2018 el se\u00f1or L\u00f3pez recibi\u00f3 un pa\u00eds con 61 millones de pobres; ahora, el 56% de la poblaci\u00f3n est\u00e1 sumida en la desigualdad social. Bajo su r\u00e9gimen de &#8216;paz, transformaci\u00f3n y bienestar&#8217;, ya son m\u00e1s de 70 millones los mexicanos que han sido consumidos por la pobreza, seg\u00fan el Informe de Evaluaci\u00f3n de la Pol\u00edtica de Desarrollo Social (IEPDS) 2020.<\/p>\n<p style=\"text-align: justify;\">En contraparte, AMLO mismo tambi\u00e9n ha \u00abendeudado innecesariamente a los mexicanos\u00bb (igual que Zedillo) con sus caprichos multimillonarios como &#8216;Santa Luc\u00eda&#8217;, el &#8216;Tren Maya&#8217; y &#8216;Dos Bocas&#8217;. Y nada de esto es mentira. Las pruebas est\u00e1n a la vista.<\/p>\n<p style=\"text-align: justify;\">Tambi\u00e9n ha cometido \u00abtraici\u00f3n a la democracia\u00bb (igual que Fox).<\/p>\n<p style=\"text-align: justify;\">C\u00ednica y personalmente, AMLO ha confesado abiertamente haber inducido el voto &#8211;el pasado 6 de junio&#8211; a favor de su partido y sus candidatos favoritos y protegidos, como F\u00e9lix Salgado y su hija, Evelyn Salgado, que es gobernadora electa con el 37.5% de los votos debido a que el 62.5% restante \u00a1se esfum\u00f3 como por arte de magia! De L\u00f3pez Obrador tambi\u00e9n hay evidencias de su \u00abtraici\u00f3n a la democracia\u00bb (igual que Fox). Por tales motivos, L\u00f3pez Obrador no deber\u00eda, m\u00e1s bien, \u00a1debe figurar tambi\u00e9n en la Consulta Popular del 1 de agosto, no solo Carlos Salinas de Gortari, Ernesto Zedillo Ponce de Le\u00f3n, Vicente Fox Quesada, Felipe Calder\u00f3n Hinojosa y Enrique Pe\u00f1a Nieto!<\/p>\n<p style=\"text-align: justify;\"><strong>\u00bfEs posible llevar a juicio a los expresidentes?<\/strong><\/p>\n<p style=\"text-align: justify;\">\u00abS\u00ed\u00bb, responde Mart\u00edn Vivanco Lira, abogado por la Escuela Libre de Derecho y Maestro en <em>Argumentaci\u00f3n Jur\u00eddica y Teor\u00eda Pol\u00edtica<\/em> por la Universidad de Alicante y la Escuela de Econom\u00eda y Ciencias Pol\u00edticas de Londres, Inglaterra.<\/p>\n<p style=\"text-align: justify;\">\u00abS\u00ed es viable porque ellos ya no gozan de ninguna protecci\u00f3n especial (como el &#8216;fuero constitucional&#8217;)\u00bb; adem\u00e1s, \u00abel principio de legalidad y de acceso a la justicia obligan a las autoridades competentes a que, cuando tengan conocimiento de hechos que pueden ser constitutivos de ciertos delitos, act\u00faen por s\u00ed mismas y procedan legalmente. Si alg\u00fan expresidente cae en este supuesto, nada impide a las autoridades actuar\u00bb.<\/p>\n<p style=\"text-align: justify;\"><strong>\u00bfEs necesaria la Consulta Popular?<\/strong><\/p>\n<p style=\"text-align: justify;\">No. No es necesario tirar 890 millones de pesos por un capricho presidencial para vengarse de Fox y Calder\u00f3n, principalmente.<\/p>\n<p style=\"text-align: justify;\">\u00d3scar Enrique D\u00edaz Santos, doctor en econom\u00eda y catedr\u00e1tico en la Universidad Nacional Aut\u00f3noma de M\u00e9xico; Daniel Quintanilla. licenciado en Derecho por el Instituto Tecnol\u00f3gico Aut\u00f3nomo de M\u00e9xico (ITAM), y Luis de la Barreda Sol\u00f3rzano, investigador del Instituto de Investigaciones Jur\u00eddicas e la UNAM, sostienen que el objetivo de AMLO y su consulta no es hacer justicia, es &#8211;m\u00e1s bien&#8211; un &#8216;jugueteo&#8217; pol\u00edtico para mantener vigente su popularidad de cara a su reelecci\u00f3n en 2024, y una obsesi\u00f3n por confrontarse con el pasado, habiendo mucho qu\u00e9 hacer y por hacer por el presente y futuro de M\u00e9xico.<\/p>\n<p style=\"text-align: justify;\">A la luz de la Constituci\u00f3n y la jurisprudencia, la Consulta de L\u00f3pez Obrador es, pr\u00e1cticamente, anticonstitucional e innecesaria. \u00abNo se requiere demasiada perspicacia para advertir que, de las conductas se\u00f1aladas, solamente las atribuidas a Fox y Pe\u00f1a podr\u00edan considerarse delictivas\u00bb, aunque \u00abrespecto a Fox habr\u00eda que comprob\u00e1rsele el fraude electoral \u2014nunca probado\u2014 en una elecci\u00f3n organizada, supervisada y calificada por el IFE\u00bb.<\/p>\n<p style=\"text-align: justify;\">Sobre Pe\u00f1a Nieto, de la Barreda Sol\u00f3rzano sostiene que \u00abla imputaci\u00f3n es una vaguedad oce\u00e1nica\u00bb, pues el se\u00f1alamiento carece de claridad, precisi\u00f3n o exactitud. Tendr\u00eda que comprob\u00e1rsele a Pe\u00f1a cada acto de corrupci\u00f3n con hechos, no con dichos ni suposiciones.<\/p>\n<p style=\"text-align: justify;\">En cuanto a que Calder\u00f3n convirti\u00f3 al pa\u00eds en un cementerio, no hay mucho qu\u00e9 decir: \u00ab\u00a1La tasa de asesinatos en el actual sexenio es a\u00fan mayor!\u00bb, suscribe el investigador de la UNAM.<\/p>\n<p style=\"text-align: justify;\">En conclusi\u00f3n, ambos juristas concuerdan que, con base a los reformados art\u00edculos 108 y 111 de la Constituci\u00f3n Mexicana, el Presidente \u00absolo debe aplicar la ley\u00bb y punto, pues finalmente los candidatos a juicio pol\u00edtico ya \u00abson expresidentes; ya no tienen la protecci\u00f3n de la inmunidad pol\u00edtica\u201d.<\/p>\n<p style=\"text-align: justify;\">Por tales motivos, \u00absi el Presidente tiene pruebas de que alguno de esos mandatarios incurri\u00f3 en delito, debe presentar la denuncia respectiva ante la Fiscal\u00eda General de la Rep\u00fablica, \u00fanica autoridad que, conforme a derecho, est\u00e1 facultada para decidir si es procedente el ejercicio de la acci\u00f3n penal. \u00a1Solamente en las dictaduras se han sometido al juicio de &#8216;tribunales populares&#8217; asuntos relativos al poder punitivo del Estado. En el Estado de derecho, la justicia penal se rige por principios que excluyen el linchamiento social anticipado\u00bb, remacha el jurista Luis de la Barrera.<\/p>\n<p style=\"text-align: justify;\"><em>Sin da\u00f1os a terceros&#8230;<\/em><br \/>\nwww.<strong>acapulco.press<\/strong><\/p>\n","protected":false},"excerpt":{"rendered":"<p>Jiribilla Coste\u00f1a ] El Brujo Chiripero \u00bb Acapulco Press La pregunta es justa y sensata &#8211;sin matices pol\u00edticos ni partidistas, sin af\u00e1n de enardecer a sus feligreses ni desatar las toxinas de sus defensores y aplaudidores&#8211;, pero s\u00ed incisiva y con sustentos: \u00ab\u00bfAMLO no merece juicio pol\u00edtico por el genocidio de la pandemia ocasionado por&#8230;<\/p>\n","protected":false},"author":2,"featured_media":1230973,"comment_status":"closed","ping_status":"closed","sticky":false,"template":"","format":"standard","meta":{"footnotes":""},"categories":[1972,2069,2008],"tags":[3793,3896,4303,5232,6528,7991,8069,8251,8444,8465,10154,13297,14184,14914,16322,17824],"class_list":["post-1230972","post","type-post","status-publish","format-standard","has-post-thumbnail","hentry","category-special","category-a-contraluz","category-editorial","tag-amlo","tag-andres-manuel-lopez-obrador","tag-asociacion-mexicana-de-ayuda-a-ninos-con-cancer-amanc","tag-carlos-salinas-de-gortari","tag-consulta-popular","tag-enrique-pena-nieto","tag-ernesto-zedillo-ponce-de-leon","tag-evelyn-salgado-pineda","tag-felipe-calderon-hinojosa","tag-felix-salgado-macedionio","tag-informe-de-evaluacion-de-la-politica-de-desarrollo-social-iepds","tag-morena","tag-pan","tag-pri","tag-secretariado-ejecutivo-del-sistema-nacional-de-seguridad-publica","tag-vicente-fox-quesada"],"_links":{"self":[{"href":"https:\/\/www.acapulcopress.com\/index.php\/wp-json\/wp\/v2\/posts\/1230972","targetHints":{"allow":["GET"]}}],"collection":[{"href":"https:\/\/www.acapulcopress.com\/index.php\/wp-json\/wp\/v2\/posts"}],"about":[{"href":"https:\/\/www.acapulcopress.com\/index.php\/wp-json\/wp\/v2\/types\/post"}],"author":[{"embeddable":true,"href":"https:\/\/www.acapulcopress.com\/index.php\/wp-json\/wp\/v2\/users\/2"}],"replies":[{"embeddable":true,"href":"https:\/\/www.acapulcopress.com\/index.php\/wp-json\/wp\/v2\/comments?post=1230972"}],"version-history":[{"count":0,"href":"https:\/\/www.acapulcopress.com\/index.php\/wp-json\/wp\/v2\/posts\/1230972\/revisions"}],"wp:featuredmedia":[{"embeddable":true,"href":"https:\/\/www.acapulcopress.com\/index.php\/wp-json\/"}],"wp:attachment":[{"href":"https:\/\/www.acapulcopress.com\/index.php\/wp-json\/wp\/v2\/media?parent=1230972"}],"wp:term":[{"taxonomy":"category","embeddable":true,"href":"https:\/\/www.acapulcopress.com\/index.php\/wp-json\/wp\/v2\/categories?post=1230972"},{"taxonomy":"post_tag","embeddable":true,"href":"https:\/\/www.acapulcopress.com\/index.php\/wp-json\/wp\/v2\/tags?post=1230972"}],"curies":[{"name":"wp","href":"https:\/\/api.w.org\/{rel}","templated":true}]}}