{"id":1230991,"date":"2021-07-13T21:42:12","date_gmt":"2021-07-14T02:42:12","guid":{"rendered":"https:\/\/www.acapulco.press\/?p=1230991"},"modified":"2021-07-13T21:42:12","modified_gmt":"2021-07-14T02:42:12","slug":"condenan-50-anos-a-un-secuestrador-y-vinculan-a-proceso-a-un-homicida","status":"publish","type":"post","link":"https:\/\/www.acapulcopress.com\/index.php\/2021\/07\/13\/condenan-50-anos-a-un-secuestrador-y-vinculan-a-proceso-a-un-homicida\/","title":{"rendered":"Condenan 50 a\u00f1os a un secuestrador y vinculan a proceso a un homicida"},"content":{"rendered":"<p style=\"text-align: justify;\">CHILPANCINGO. * 13 de julio de 2021.<br \/>\n<em>) <a href=\"https:\/\/fiscaliaguerrero.gob.mx\" target=\"_blank\" rel=\"noopener\">https:\/\/fiscaliaguerrero.gob.mx<\/a>.<\/em><\/p>\n<p style=\"text-align: justify;\">El Ministerio P\u00fablico logr\u00f3 del Juez de Control del Distrito Judicial de Tabares, la sentencia condenatoria de 50 a\u00f1os de prisi\u00f3n en contra de Jes\u00fas Manuel \u00abN\u00bb como culpable y penalmente responsable del delito de secuestro agravado de menor de edad.<\/p>\n<p style=\"text-align: justify;\">Los hechos quedaron integrados en la carpeta judicial 200\/2019 y acreditados por el Ministerio P\u00fablico en la que Jes\u00fas Manuel \u00abN\u00bb de manera conjunta con una persona del sexo masculino, ingresaron al domicilio de la menor para privarla de su libertad y, posteriormente, exigir a familiares un pago por su rescate.<\/p>\n<p style=\"text-align: justify;\">En un operativo por parte de agentes ministeriales se logr\u00f3 la detenci\u00f3n del imputado y el rescate de la menor v\u00edctima.<\/p>\n<p style=\"text-align: justify;\">As\u00ed mismo con fecha 6 de julio de 2021, se celebr\u00f3 audiencia de debate y juicio oral resolviendo el Tribunal de Enjuiciamiento Penal la pena privativa de libertad de 50 a\u00f1os de prisi\u00f3n, tendr\u00e1 que cubrir una multa, quedando interno en el Centro de Reinserci\u00f3n Social de Acapulco.<\/p>\n<p style=\"text-align: justify;\">HOMICIDA VINCULADO A PROCESO<\/p>\n<p style=\"text-align: justify;\"><img loading=\"lazy\" decoding=\"async\" class=\"alignleft size-medium wp-image-1230992\" src=\"https:\/\/www.acapulco.press\/wp-content\/uploads\/2021\/07\/fge-abrham-homicidio-375x363.jpg\" alt=\"\" width=\"375\" height=\"363\" \/>El Ministerio P\u00fablico en Zihuatanejo obtuvo vinculaci\u00f3n a proceso en contra de Abraham \u00abN\u00bb, detenido en flagrancia como probable responsable del delito de homicidio calificado.<\/p>\n<p style=\"text-align: justify;\">Los hechos en la carpeta judicial C-216\/2021 de fecha 5 de julio de 2021, el imputado es acusado de accionar un arma de fuego calibre 45 mm. en agravio de dos personas del sexo masculino de oficio pescadores, y al intentar huir fue detenido por elementos estatales.<\/p>\n<p style=\"text-align: justify;\">Con fecha 13 de julio de 2021 se celebr\u00f3 la continuaci\u00f3n de la audiencia inicial, tomando en cuenta los datos de prueba el Juez de Control dict\u00f3 vinculaci\u00f3n a proceso en contra de Abraham \u00abN\u00bb por el delito en menci\u00f3n, concediendo un plazo de investigaci\u00f3n complementaria de tres meses, quedando interno en el Centro de Reinserci\u00f3n Social de Zihuatanejo, bajo la medida cautelar de prisi\u00f3n preventiva oficiosa.<\/p>\n<p style=\"text-align: justify;\">CAPTURAN A RESPONSABLE DE LESIONES<\/p>\n<p style=\"text-align: justify;\">Fiscal\u00eda de Guerrero a trav\u00e9s de la Coordinaci\u00f3n de la Polic\u00eda Ministerial en regi\u00f3n Costa Grande, dio cumplimiento a la orden de aprehensi\u00f3n en contra de Rogelio \u00abN\u00bb como probable responsable del delito de lesiones en agravio de Pablo \u00abN\u00bb en la causa penal 95\/2007-I, quedando a disposici\u00f3n del juez correspondiente.<\/p>\n<p><img loading=\"lazy\" decoding=\"async\" class=\"alignnone wp-image-1230994 \" src=\"https:\/\/www.acapulco.press\/wp-content\/uploads\/2021\/07\/fge-rogelio-lesiones.jpg\" alt=\"\" width=\"788\" height=\"763\" \/><\/p>\n","protected":false},"excerpt":{"rendered":"<p>CHILPANCINGO. * 13 de julio de 2021. ) https:\/\/fiscaliaguerrero.gob.mx. El Ministerio P\u00fablico logr\u00f3 del Juez de Control del Distrito Judicial de Tabares, la sentencia condenatoria de 50 a\u00f1os de prisi\u00f3n en contra de Jes\u00fas Manuel \u00abN\u00bb como culpable y penalmente responsable del delito de secuestro agravado de menor de edad. Los hechos quedaron integrados en&#8230;<\/p>\n","protected":false},"author":2,"featured_media":1230993,"comment_status":"closed","ping_status":"closed","sticky":false,"template":"","format":"standard","meta":{"footnotes":""},"categories":[1969,2005],"tags":[8703,10946,14737],"class_list":["post-1230991","post","type-post","status-publish","format-standard","has-post-thumbnail","hentry","category-trending","category-seguridad-y-justicia","tag-fiscalia-general-del-estado-de-guerrero-fge","tag-jorge-zuriel-de-los-santos-barrila","tag-policia-ministerial-de-guerrero"],"_links":{"self":[{"href":"https:\/\/www.acapulcopress.com\/index.php\/wp-json\/wp\/v2\/posts\/1230991","targetHints":{"allow":["GET"]}}],"collection":[{"href":"https:\/\/www.acapulcopress.com\/index.php\/wp-json\/wp\/v2\/posts"}],"about":[{"href":"https:\/\/www.acapulcopress.com\/index.php\/wp-json\/wp\/v2\/types\/post"}],"author":[{"embeddable":true,"href":"https:\/\/www.acapulcopress.com\/index.php\/wp-json\/wp\/v2\/users\/2"}],"replies":[{"embeddable":true,"href":"https:\/\/www.acapulcopress.com\/index.php\/wp-json\/wp\/v2\/comments?post=1230991"}],"version-history":[{"count":0,"href":"https:\/\/www.acapulcopress.com\/index.php\/wp-json\/wp\/v2\/posts\/1230991\/revisions"}],"wp:featuredmedia":[{"embeddable":true,"href":"https:\/\/www.acapulcopress.com\/index.php\/wp-json\/"}],"wp:attachment":[{"href":"https:\/\/www.acapulcopress.com\/index.php\/wp-json\/wp\/v2\/media?parent=1230991"}],"wp:term":[{"taxonomy":"category","embeddable":true,"href":"https:\/\/www.acapulcopress.com\/index.php\/wp-json\/wp\/v2\/categories?post=1230991"},{"taxonomy":"post_tag","embeddable":true,"href":"https:\/\/www.acapulcopress.com\/index.php\/wp-json\/wp\/v2\/tags?post=1230991"}],"curies":[{"name":"wp","href":"https:\/\/api.w.org\/{rel}","templated":true}]}}