{"id":1231002,"date":"2021-07-13T22:31:17","date_gmt":"2021-07-14T03:31:17","guid":{"rendered":"https:\/\/www.acapulco.press\/?p=1231002"},"modified":"2021-07-13T22:31:17","modified_gmt":"2021-07-14T03:31:17","slug":"remiten-al-cereso-a-individuo-que-intento-matar-a-su-madre-a-machetazos","status":"publish","type":"post","link":"https:\/\/www.acapulcopress.com\/index.php\/2021\/07\/13\/remiten-al-cereso-a-individuo-que-intento-matar-a-su-madre-a-machetazos\/","title":{"rendered":"Remiten al Cereso a individuo que intent\u00f3 matar a su madre a machetazos"},"content":{"rendered":"<p style=\"text-align: justify;\">CHILPANCINGO. * 13 de julio de 2021.<br \/>\n) <a href=\"https:\/\/fiscaliaguerrero.gob.mx\" target=\"_blank\" rel=\"noopener\"><em>https:\/\/fiscaliaguerrero.gob.mx.<\/em><\/a><\/p>\n<p style=\"text-align: justify;\">El Ministerio P\u00fablico de Tacpan de Galeana logr\u00f3 vinculaci\u00f3n a proceso en contra de Benito \u00abN\u00bb, como probable responsable del delito de tentativa de homicidio en raz\u00f3n de parentesco en agravio de su madre.<\/p>\n<p style=\"text-align: justify;\">El Ministerio P\u00fablico aport\u00f3 los datos de prueba que obran en la carpeta judicial C-138\/2021, se\u00f1alado el imputado como quien el d\u00eda 9 de julio de 2021 le ocasion\u00f3 a la v\u00edctima lesiones con arma blanca (machete), en la localidad Arenal de G\u00f3mez, municipio de Benito Ju\u00e1rez.<\/p>\n<p style=\"text-align: justify;\">En la celebraci\u00f3n de la audiencia inicial del d\u00eda 13 de julio del presente a\u00f1o, el Juez de Control tom\u00f3 en cuenta los datos de prueba aportados por la representaci\u00f3n social, y vincul\u00f3 a proceso a Benito \u00abN\u00bb por el delito en menci\u00f3n, otorgado seis meses de investigaci\u00f3n complementaria, quedando el imputado interno en el Centro de Reinserci\u00f3n Social, bajo la medida cautelar de prisi\u00f3n preventiva oficiosa.<\/p>\n","protected":false},"excerpt":{"rendered":"<p>CHILPANCINGO. * 13 de julio de 2021. ) https:\/\/fiscaliaguerrero.gob.mx. El Ministerio P\u00fablico de Tacpan de Galeana logr\u00f3 vinculaci\u00f3n a proceso en contra de Benito \u00abN\u00bb, como probable responsable del delito de tentativa de homicidio en raz\u00f3n de parentesco en agravio de su madre. El Ministerio P\u00fablico aport\u00f3 los datos de prueba que obran en la&#8230;<\/p>\n","protected":false},"author":2,"featured_media":1231003,"comment_status":"closed","ping_status":"closed","sticky":false,"template":"","format":"standard","meta":{"footnotes":""},"categories":[1969,2005],"tags":[8703,10946,14737],"class_list":["post-1231002","post","type-post","status-publish","format-standard","has-post-thumbnail","hentry","category-trending","category-seguridad-y-justicia","tag-fiscalia-general-del-estado-de-guerrero-fge","tag-jorge-zuriel-de-los-santos-barrila","tag-policia-ministerial-de-guerrero"],"_links":{"self":[{"href":"https:\/\/www.acapulcopress.com\/index.php\/wp-json\/wp\/v2\/posts\/1231002","targetHints":{"allow":["GET"]}}],"collection":[{"href":"https:\/\/www.acapulcopress.com\/index.php\/wp-json\/wp\/v2\/posts"}],"about":[{"href":"https:\/\/www.acapulcopress.com\/index.php\/wp-json\/wp\/v2\/types\/post"}],"author":[{"embeddable":true,"href":"https:\/\/www.acapulcopress.com\/index.php\/wp-json\/wp\/v2\/users\/2"}],"replies":[{"embeddable":true,"href":"https:\/\/www.acapulcopress.com\/index.php\/wp-json\/wp\/v2\/comments?post=1231002"}],"version-history":[{"count":0,"href":"https:\/\/www.acapulcopress.com\/index.php\/wp-json\/wp\/v2\/posts\/1231002\/revisions"}],"wp:featuredmedia":[{"embeddable":true,"href":"https:\/\/www.acapulcopress.com\/index.php\/wp-json\/"}],"wp:attachment":[{"href":"https:\/\/www.acapulcopress.com\/index.php\/wp-json\/wp\/v2\/media?parent=1231002"}],"wp:term":[{"taxonomy":"category","embeddable":true,"href":"https:\/\/www.acapulcopress.com\/index.php\/wp-json\/wp\/v2\/categories?post=1231002"},{"taxonomy":"post_tag","embeddable":true,"href":"https:\/\/www.acapulcopress.com\/index.php\/wp-json\/wp\/v2\/tags?post=1231002"}],"curies":[{"name":"wp","href":"https:\/\/api.w.org\/{rel}","templated":true}]}}