{"id":1231008,"date":"2021-07-13T23:02:33","date_gmt":"2021-07-14T04:02:33","guid":{"rendered":"https:\/\/www.acapulco.press\/?p=1231008"},"modified":"2021-07-13T23:02:33","modified_gmt":"2021-07-14T04:02:33","slug":"ebrard-se-mete-a-la-pelea-por-la-sucesion-presidencial-del-2024","status":"publish","type":"post","link":"https:\/\/www.acapulcopress.com\/index.php\/2021\/07\/13\/ebrard-se-mete-a-la-pelea-por-la-sucesion-presidencial-del-2024\/","title":{"rendered":"Ebrard se mete a la pelea por la sucesi\u00f3n presidencial del 2024"},"content":{"rendered":"<p style=\"text-align: justify;\">CIUDAD DE M\u00c9XICO. * 13 de julio de 2021.<br \/>\n<em>) Cortes\u00eda de Reforma.<\/em><\/p>\n<p style=\"text-align: justify;\">El canciller Marcelo Ebrard dijo a sus m\u00e1s cercanos colaboradores que buscar\u00e1 la candidatura presidencial para 2024.<\/p>\n<p style=\"text-align: justify;\">La reuni\u00f3n deriv\u00f3 en un mitin pol\u00edtico. Era una comida a la que estaba invitado un reducido grupo de colaboradores. Muchos fueron con sus c\u00f3nyuges. La esposa de Ebrard, Rosalinda Bueso, acompa\u00f1\u00f3 en la mesa principal al precandidato presidencial.<\/p>\n<p style=\"text-align: justify;\">\u00abPiensan que estoy muerto, pero me han matado pol\u00edticamente muchas veces\u00bb, dijo Ebrard a sus allegados mientras degustaban carne asada, cebollitas, frijoles charros, cerveza y vino tinto.<\/p>\n<p style=\"text-align: justify;\">Lo escuchaban colaboradores a\u00f1ejos como la diplom\u00e1tica Carmen Moreno Toscano y \u00d3scar Arg\u00fcelles; o j\u00f3venes como Daniel Sibaja, s\u00edndico reelecto de Ecatepec y allegado a su vez del presidente nacional de Morena, Mario Delgado. Tambi\u00e9n Carlos Candelaria, director de Oficinas de Pasaportes de la Canciller\u00eda; Daniel Mill\u00e1n, su jefe de asesores; Nunila Pedraza, activista pol\u00edtica en Ocoyoacac; Luis Walton, ex dirigente de Movimiento Ciudadano en Guerrero e Ismael Burgue\u00f1o, delegado de Morena Baja California.<\/p>\n<p style=\"text-align: justify;\">No hubo m\u00fasica, solo discursos y algo de pl\u00e1tica en las 12 mesas instaladas hasta que la lluvia corri\u00f3 a todos.<\/p>\n<p style=\"text-align: justify;\">Ebrard dio la bienvenida a la comida, donde explic\u00f3 que era necesario convivir y conversar luego de lo que consider\u00f3 una andanada en su contra por la tragedia del Metro.<\/p>\n<p style=\"text-align: justify;\">En su mensaje, seg\u00fan narraron algunos asistentes, reproch\u00f3 que un grupo al interior de Morena haya emprendido una campa\u00f1a para matarlo \u00abpol\u00edticamente\u00bb tras el desplome de una trabe de la L\u00ednea 12 del Metro, que caus\u00f3 la muerte de 26 personas; sin embargo, dijo sentirse tranquilo con el avance de las investigaciones.<\/p>\n<p style=\"text-align: justify;\">Ebrard coment\u00f3 que estaba honrado de ser considerado en \u00abla lista del Presidente\u00bb, Andr\u00e9s Manuel L\u00f3pez Obrador. \u00abHa sido muy generoso\u00bb, recalc\u00f3 en referencia a las distintas menciones que ha hecho el mandatario sobre sus posibles sucesores.<\/p>\n<p style=\"text-align: justify;\">\u00abMe daban por muerto, pero aqu\u00ed estamos; vamos a participar respetando las reglas del juego\u00bb, dijo Ebrard, quien escuch\u00f3 discursos de apoyo de una decena de espont\u00e1neos.<\/p>\n<p style=\"text-align: justify;\">Uno de los oradores que le expres\u00f3 su apoyo dijo que era \u00abla continuidad probada\u00bb del obradorismo. Otros contaron an\u00e9cdotas en distintas etapas de trabajo con el ex Jefe de Gobierno.<\/p>\n<p style=\"text-align: justify;\">Ataviado con un su\u00e9ter oscuro, relajado, Ebrard hab\u00eda pedido dejar fuera los tel\u00e9fonos celulares. Pero no todos le obedecieron. Varios asistentes los usaron para tomarse selfies con el precandidato.<\/p>\n<p style=\"text-align: justify;\">\u00abTuve el gusto de conversar con el Secretario de Relaciones Exteriores Marcelo Ebrard, considero que ser\u00eda un excelente Presidente de la Rep\u00fablica. No hay duda que ser\u00e1 quien le siga dando continuidad al proyecto de la Cuarta Transformaci\u00f3n\u00bb, expres\u00f3 Ismael Burgue\u00f1o en sus redes sociales.<\/p>\n<p style=\"text-align: justify;\">Otros que filtraron sus fotos fueron Jimmy Natale, l\u00edder del PVEM en Puebla, junto con Marco Antonio Natale, pr\u00f3ximo diputado federal por el PVEM, y el ex diputado Carlos Natale. De ese estado tambi\u00e9n estuvo F\u00e1tima Cruz Pel\u00e1ez, pr\u00f3xima legisladora federal, quien no solo agradeci\u00f3 a Ebrard, sino tambi\u00e9n a su esposa.<\/p>\n<p style=\"text-align: justify;\">Los asistentes cooperaron para el pago del lugar, los meseros y la comida.<\/p>\n<p style=\"text-align: justify;\">\u00abNo nos vamos a rajar; nunca nos hemos rajado\u00bb, finaliz\u00f3 Ebrard.<\/p>\n<p style=\"text-align: justify;\"><strong>\u00abEstamos echados para adelante\u00bb,<\/strong> coment\u00f3 uno de los comensales.<\/p>\n<p style=\"text-align: justify;\"><strong>\u00ab\u00bfVamos a dejar solos a Claudia Sheinbaum o a Ricardo Monreal?<\/strong><\/p>\n<p style=\"text-align: justify;\">No. Est\u00e1 claro el mensaje. Vamos para adelante y como dijo Marcelo: no nos vamos a rajar\u00bb, insisti\u00f3.<\/p>\n","protected":false},"excerpt":{"rendered":"<p>CIUDAD DE M\u00c9XICO. * 13 de julio de 2021. ) Cortes\u00eda de Reforma. El canciller Marcelo Ebrard dijo a sus m\u00e1s cercanos colaboradores que buscar\u00e1 la candidatura presidencial para 2024. La reuni\u00f3n deriv\u00f3 en un mitin pol\u00edtico. Era una comida a la que estaba invitado un reducido grupo de colaboradores. Muchos fueron con sus c\u00f3nyuges&#8230;.<\/p>\n","protected":false},"author":2,"featured_media":1231009,"comment_status":"closed","ping_status":"closed","sticky":false,"template":"","format":"standard","meta":{"footnotes":""},"categories":[1972,18561,2009],"tags":[3793,3896,5255,7803,12447,14066,15814],"class_list":["post-1231008","post","type-post","status-publish","format-standard","has-post-thumbnail","hentry","category-special","category-society-politics","category-politics","tag-amlo","tag-andres-manuel-lopez-obrador","tag-carmen-moreno-toscano","tag-eleccion-presidencial-2024","tag-marcelo-ebrard","tag-oscar-arguelles","tag-rosalinda-bueso"],"_links":{"self":[{"href":"https:\/\/www.acapulcopress.com\/index.php\/wp-json\/wp\/v2\/posts\/1231008","targetHints":{"allow":["GET"]}}],"collection":[{"href":"https:\/\/www.acapulcopress.com\/index.php\/wp-json\/wp\/v2\/posts"}],"about":[{"href":"https:\/\/www.acapulcopress.com\/index.php\/wp-json\/wp\/v2\/types\/post"}],"author":[{"embeddable":true,"href":"https:\/\/www.acapulcopress.com\/index.php\/wp-json\/wp\/v2\/users\/2"}],"replies":[{"embeddable":true,"href":"https:\/\/www.acapulcopress.com\/index.php\/wp-json\/wp\/v2\/comments?post=1231008"}],"version-history":[{"count":0,"href":"https:\/\/www.acapulcopress.com\/index.php\/wp-json\/wp\/v2\/posts\/1231008\/revisions"}],"wp:featuredmedia":[{"embeddable":true,"href":"https:\/\/www.acapulcopress.com\/index.php\/wp-json\/"}],"wp:attachment":[{"href":"https:\/\/www.acapulcopress.com\/index.php\/wp-json\/wp\/v2\/media?parent=1231008"}],"wp:term":[{"taxonomy":"category","embeddable":true,"href":"https:\/\/www.acapulcopress.com\/index.php\/wp-json\/wp\/v2\/categories?post=1231008"},{"taxonomy":"post_tag","embeddable":true,"href":"https:\/\/www.acapulcopress.com\/index.php\/wp-json\/wp\/v2\/tags?post=1231008"}],"curies":[{"name":"wp","href":"https:\/\/api.w.org\/{rel}","templated":true}]}}