{"id":1231020,"date":"2021-07-13T23:33:46","date_gmt":"2021-07-14T04:33:46","guid":{"rendered":"https:\/\/www.acapulco.press\/?p=1231020"},"modified":"2021-07-13T23:33:46","modified_gmt":"2021-07-14T04:33:46","slug":"violencia-e-impunidad-nacen-en-palacio","status":"publish","type":"post","link":"https:\/\/www.acapulcopress.com\/index.php\/2021\/07\/13\/violencia-e-impunidad-nacen-en-palacio\/","title":{"rendered":"&#8216;Violencia e impunidad nacen en Palacio&#8217;"},"content":{"rendered":"<p style=\"text-align: justify;\">* 68 activistas y 43 periodistas asesinados en el gobierno de L\u00f3pez Obrador<br \/>\n<strong>* M\u00e9xico, el cuarto pa\u00eds m\u00e1s peligroso para defensores de derechos humanos<\/strong><\/p>\n<p>CIUDAD DE M\u00c9XICO. * 13 de julio de 2021.<br \/>\n<em>) Comunicado.<\/em><\/p>\n<p style=\"text-align: justify;\">\u201cEs dolorosa, creciente e inocultable la violencia que se adue\u00f1a de nuestro pa\u00eds, mientras L\u00f3pez Obrador se recluye en un discurso falso e hip\u00f3crita. \u00a1Ya basta de mentir, basta de disfraces! Las y los mexicanos estamos reclamando paz y seguridad y el presidente no hace nada m\u00e1s descalificar y culpar a sus \u201cadversarios\u201d de inventar las cifras -que son reales- de asesinatos de activistas y periodistas en nuestro pa\u00eds. Es una desverg\u00fcenza del Gobierno Federal: el presidente arremete contra los medios de comunicaci\u00f3n, fomenta la violencia y desprotege a las personas defensoras de los derechos humanos. Es un acto criminal\u201d, expres\u00f3 Jes\u00fas Zambrano Grijalva, Presidente Nacional del Partido de la Revoluci\u00f3n Democr\u00e1tica (PRD).<\/p>\n<p style=\"text-align: justify;\">Despu\u00e9s de que se le cuestionara a L\u00f3pez Obrador sobre los 56 activistas asesinados durante su sexenio y afirmara que era \u201cpropaganda\u201d de sus adversarios, la Secretar\u00eda de Gobernaci\u00f3n dio a conocer que son 43 periodistas y 68 activistas asesinados, 12 m\u00e1s de la cifra que se dio a conocer en un medio de comunicaci\u00f3n.<\/p>\n<p style=\"text-align: justify;\">Ante esta situaci\u00f3n, el l\u00edder perredista asever\u00f3 que el presidente de la Rep\u00fablica debe dejar de polarizar y seguir culpando a sus \u201cadversarios\u201d e implementar una estrategia que proteja de manera efectiva a defensores de los defensores de los derechos humanos, adem\u00e1s de dejar de estigmatizar a periodistas.<\/p>\n<p style=\"text-align: justify;\">\u201cLa estigmatizaci\u00f3n de periodistas y personas defensoras, as\u00ed como la impunidad en la mayor\u00eda de los casos de violencia en su contra, est\u00e1 violando sus derechos humanos. Se est\u00e1 reprimiendo a las mexicanas y mexicanos que luchan por un pa\u00eds mejor. El Mecanismo de Protecci\u00f3n para Personas Defensoras de Derechos Humanos y Periodistas necesita m\u00e1s fondos; la llamada austeridad del presidente est\u00e1 siendo criminal y est\u00e1 hundiendo al pa\u00eds\u201d.<\/p>\n<p style=\"text-align: justify;\">Por \u00faltimo, el l\u00edder perredista exigi\u00f3 a L\u00f3pez Obrador que \u201cdeje su soberbia a un lado. No puede seguir polarizando a la poblaci\u00f3n; debe cumplir las exigencias de la sociedad y no sus caprichos. Nosotros desde el PRD no vamos a permitir esta indiferencia e indolencia hacia las personas que luchan por un mejor pa\u00eds; seguro estoy de que en la pr\u00f3xima legislatura, junto con la coalici\u00f3n legislativa, se impulsar\u00e1n iniciativas para proteger a periodistas y activistas\u201d.<\/p>\n","protected":false},"excerpt":{"rendered":"<p>* 68 activistas y 43 periodistas asesinados en el gobierno de L\u00f3pez Obrador * M\u00e9xico, el cuarto pa\u00eds m\u00e1s peligroso para defensores de derechos humanos CIUDAD DE M\u00c9XICO. * 13 de julio de 2021. ) Comunicado. \u201cEs dolorosa, creciente e inocultable la violencia que se adue\u00f1a de nuestro pa\u00eds, mientras L\u00f3pez Obrador se recluye en&#8230;<\/p>\n","protected":false},"author":2,"featured_media":1231021,"comment_status":"closed","ping_status":"closed","sticky":false,"template":"","format":"standard","meta":{"footnotes":""},"categories":[1997],"tags":[10085,10764,12865,14277,17930],"class_list":["post-1231020","post","type-post","status-publish","format-standard","has-post-thumbnail","hentry","category-noticias-destacadas","tag-impunidad","tag-jesus-zambrano-grijalva","tag-mecanismo-de-proteccion-para-personas-defensoras-de-derechos-humanos-y-periodistas","tag-partido-de-la-revolucion-democratica-prd","tag-violencia"],"_links":{"self":[{"href":"https:\/\/www.acapulcopress.com\/index.php\/wp-json\/wp\/v2\/posts\/1231020","targetHints":{"allow":["GET"]}}],"collection":[{"href":"https:\/\/www.acapulcopress.com\/index.php\/wp-json\/wp\/v2\/posts"}],"about":[{"href":"https:\/\/www.acapulcopress.com\/index.php\/wp-json\/wp\/v2\/types\/post"}],"author":[{"embeddable":true,"href":"https:\/\/www.acapulcopress.com\/index.php\/wp-json\/wp\/v2\/users\/2"}],"replies":[{"embeddable":true,"href":"https:\/\/www.acapulcopress.com\/index.php\/wp-json\/wp\/v2\/comments?post=1231020"}],"version-history":[{"count":0,"href":"https:\/\/www.acapulcopress.com\/index.php\/wp-json\/wp\/v2\/posts\/1231020\/revisions"}],"wp:featuredmedia":[{"embeddable":true,"href":"https:\/\/www.acapulcopress.com\/index.php\/wp-json\/"}],"wp:attachment":[{"href":"https:\/\/www.acapulcopress.com\/index.php\/wp-json\/wp\/v2\/media?parent=1231020"}],"wp:term":[{"taxonomy":"category","embeddable":true,"href":"https:\/\/www.acapulcopress.com\/index.php\/wp-json\/wp\/v2\/categories?post=1231020"},{"taxonomy":"post_tag","embeddable":true,"href":"https:\/\/www.acapulcopress.com\/index.php\/wp-json\/wp\/v2\/tags?post=1231020"}],"curies":[{"name":"wp","href":"https:\/\/api.w.org\/{rel}","templated":true}]}}