{"id":1231028,"date":"2021-07-13T23:52:57","date_gmt":"2021-07-14T04:52:57","guid":{"rendered":"https:\/\/www.acapulco.press\/?p=1231028"},"modified":"2021-07-13T23:52:57","modified_gmt":"2021-07-14T04:52:57","slug":"presidenta-de-difgro-entrega-material-didactico-a-alumnos-de-educacion-especial","status":"publish","type":"post","link":"https:\/\/www.acapulcopress.com\/index.php\/2021\/07\/13\/presidenta-de-difgro-entrega-material-didactico-a-alumnos-de-educacion-especial\/","title":{"rendered":"Presidenta de DIFGro entrega material did\u00e1ctico a alumnos de educaci\u00f3n especial"},"content":{"rendered":"<p style=\"text-align: justify;\">* Durante en los casi seis a\u00f1os se ha promovido la inclusi\u00f3n y la equidad educativa en bien de los estudiantes<br \/>\n<strong>* Se fortalece y equipa la infraestructura de las escuelas que brindan educaci\u00f3n especial<\/strong><\/p>\n<p style=\"text-align: justify;\">CHILPANCINGO. * 13 de julio de 2021.<br \/>\n<em>) Gobierno de Guerrero.<\/em><\/p>\n<p style=\"text-align: justify;\"><img loading=\"lazy\" decoding=\"async\" class=\"alignleft size-medium wp-image-1231032\" src=\"https:\/\/www.acapulco.press\/wp-content\/uploads\/2021\/07\/DIFGRO4-375x250.jpg\" alt=\"\" width=\"375\" height=\"250\" \/>Con el objetivo de fortalecer los servicios de educaci\u00f3n especial que atienden alumnado con discapacidad y aptitudes sobresalientes, la presidenta del DIF Guerrero, Mercedes Calvo entreg\u00f3 material y equipo tecnol\u00f3gico multimedia a centros de atenci\u00f3n educativa de Chilpancingo, Acapulco, Iguala y Coyuca, por un monto superior a un mill\u00f3n 400 mil pesos.<\/p>\n<p style=\"text-align: justify;\">Con esta acci\u00f3n se beneficia a poco m\u00e1s de 3 mil cien alumnos de los Centros de Atenci\u00f3n M\u00faltiple (CAM), de las Unidades de Servicio de Apoyo a la Educaci\u00f3n Regular (USAER) y Centros de Recursos e Informaci\u00f3n para la Integraci\u00f3n Educativa (CRIE) de Chilpancingo, Iguala, Acapulco y Coyuca, para promover espacios educativos enfocados a las necesidades b\u00e1sicas y espec\u00edficas de <img loading=\"lazy\" decoding=\"async\" class=\"alignleft size-medium wp-image-1231031\" src=\"https:\/\/www.acapulco.press\/wp-content\/uploads\/2021\/07\/DIFGRO3-375x250.jpg\" alt=\"\" width=\"375\" height=\"250\" \/>los estudiantes.<\/p>\n<p style=\"text-align: justify;\">Con estos recursos, los docentes a cargo contar\u00e1n con equipo tecnol\u00f3gico y multimedia, que les permitir\u00e1 promover la gesti\u00f3n de aprendizajes e impulsar el desarrollo integral de los beneficiarios, a trav\u00e9s de un repertorio amplio de auxiliares para la realizaci\u00f3n de esta tarea.<\/p>\n<p style=\"text-align: justify;\">En su mensaje, la presidenta del DIF Guerrero dijo que con estos recursos educativos los docentes podr\u00e1n ver favorecidos sus conocimientos, habilidades y actitudes, en un ambiente divertido, promoviendo alumnos motivados por descubrir el uso de los nuevos materiales.<\/p>\n<p style=\"text-align: justify;\"><img loading=\"lazy\" decoding=\"async\" class=\"alignleft size-medium wp-image-1231030\" src=\"https:\/\/www.acapulco.press\/wp-content\/uploads\/2021\/07\/DIFGRO2-375x250.jpg\" alt=\"\" width=\"375\" height=\"250\" \/>\u00abEl objetivo de este gobierno siempre ha sido promover la inclusi\u00f3n y la equidad educativa, a efecto de asegurar la permanencia y la conclusi\u00f3n de los estudios del alumnado\u00bb, dijo.<\/p>\n<p style=\"text-align: justify;\">Enseguida entreg\u00f3 a supervisores, directores, docentes y especialistas implementos como impresoras Braille, calculadoras parlantes, magnificadores de pantalla, equipamiento para aulas multisensoriales entre otros.<\/p>\n<p style=\"text-align: justify;\">De manera paralela, a trav\u00e9s de la subsecretar\u00eda de educaci\u00f3n b\u00e1sica y del Programa Nacional de Ingl\u00e9s (PRONI), en este evento tambi\u00e9n se dio el arranque de distribuci\u00f3n de libros de texto gratuitos para el alumno as\u00ed como gu\u00edas para el maestro; certificaciones internacionales a docentes de ingl\u00e9s y asesores externos especializados, adem\u00e1s de la entrega de licencias de acceso a la plataforma digital Hellostar para el aprendizaje del ingl\u00e9s como segunda lengua.<\/p>\n<p style=\"text-align: justify;\">Estuvieron presentes el subsecretario de Educaci\u00f3n B\u00e1sica, Lenin Carbajal Cabrera; la coordinadora estatal del Programa de Ingl\u00e9s, Gabriela Cervantes, as\u00ed como el coordinador del Programa de Fortalecimiento a los Servicios de Educaci\u00f3n Especial, Guillermo Franco Mora.<\/p>\n","protected":false},"excerpt":{"rendered":"<p>* Durante en los casi seis a\u00f1os se ha promovido la inclusi\u00f3n y la equidad educativa en bien de los estudiantes * Se fortalece y equipa la infraestructura de las escuelas que brindan educaci\u00f3n especial CHILPANCINGO. * 13 de julio de 2021. ) Gobierno de Guerrero. Con el objetivo de fortalecer los servicios de educaci\u00f3n&#8230;<\/p>\n","protected":false},"author":2,"featured_media":1231029,"comment_status":"closed","ping_status":"closed","sticky":false,"template":"","format":"standard","meta":{"footnotes":""},"categories":[2019],"tags":[5592,5597,7313,12943,17570],"class_list":["post-1231028","post","type-post","status-publish","format-standard","has-post-thumbnail","hentry","category-popular-news","tag-centros-de-atencion-multiple-cam","tag-centros-de-recursos-e-informacion-para-la-integracion-educativa-crie","tag-dif-guerrero","tag-mercedes-calvo-de-astudillo","tag-unidades-de-servicio-de-apoyo-a-la-educacion-regular-usaer"],"_links":{"self":[{"href":"https:\/\/www.acapulcopress.com\/index.php\/wp-json\/wp\/v2\/posts\/1231028","targetHints":{"allow":["GET"]}}],"collection":[{"href":"https:\/\/www.acapulcopress.com\/index.php\/wp-json\/wp\/v2\/posts"}],"about":[{"href":"https:\/\/www.acapulcopress.com\/index.php\/wp-json\/wp\/v2\/types\/post"}],"author":[{"embeddable":true,"href":"https:\/\/www.acapulcopress.com\/index.php\/wp-json\/wp\/v2\/users\/2"}],"replies":[{"embeddable":true,"href":"https:\/\/www.acapulcopress.com\/index.php\/wp-json\/wp\/v2\/comments?post=1231028"}],"version-history":[{"count":0,"href":"https:\/\/www.acapulcopress.com\/index.php\/wp-json\/wp\/v2\/posts\/1231028\/revisions"}],"wp:featuredmedia":[{"embeddable":true,"href":"https:\/\/www.acapulcopress.com\/index.php\/wp-json\/"}],"wp:attachment":[{"href":"https:\/\/www.acapulcopress.com\/index.php\/wp-json\/wp\/v2\/media?parent=1231028"}],"wp:term":[{"taxonomy":"category","embeddable":true,"href":"https:\/\/www.acapulcopress.com\/index.php\/wp-json\/wp\/v2\/categories?post=1231028"},{"taxonomy":"post_tag","embeddable":true,"href":"https:\/\/www.acapulcopress.com\/index.php\/wp-json\/wp\/v2\/tags?post=1231028"}],"curies":[{"name":"wp","href":"https:\/\/api.w.org\/{rel}","templated":true}]}}