{"id":1231038,"date":"2021-07-14T18:10:10","date_gmt":"2021-07-14T23:10:10","guid":{"rendered":"https:\/\/www.acapulco.press\/?p=1231038"},"modified":"2021-07-14T18:10:10","modified_gmt":"2021-07-14T23:10:10","slug":"continuan-operativos-conjuntos-de-fge-en-7-regiones-del-estado","status":"publish","type":"post","link":"https:\/\/www.acapulcopress.com\/index.php\/2021\/07\/14\/continuan-operativos-conjuntos-de-fge-en-7-regiones-del-estado\/","title":{"rendered":"Contin\u00faan operativos conjuntos de FGE en 7 regiones del estado"},"content":{"rendered":"<p>CHILPANCINGO. * 14 de julio de 2021.<br \/>\n<em>) <a href=\"https:\/\/fiscaliaguerrero.gob.mx\" target=\"_blank\" rel=\"noopener\">https:\/\/fiscaliaguerrero.gob.mx<\/a>.<\/em><\/p>\n<p style=\"text-align: justify;\">Por instrucci\u00f3n del Fiscal General del Estado, Jorge Zuriel de los Santos Barrila, Polic\u00edas Ministeriales en coordinaci\u00f3n con elementos de la Unidad Canina de B\u00fasqueda y con el apoyo de Polic\u00edas Estatales y de Sedena, realizan de manera permanente los operativos en calles, avenidas principales y centros de abasto en las siete regiones de la entidad, esto con el prop\u00f3sito de continuar disminuyendo la incidencia delictiva en Guerrero.<\/p>\n","protected":false},"excerpt":{"rendered":"<p>CHILPANCINGO. * 14 de julio de 2021. ) https:\/\/fiscaliaguerrero.gob.mx. Por instrucci\u00f3n del Fiscal General del Estado, Jorge Zuriel de los Santos Barrila, Polic\u00edas Ministeriales en coordinaci\u00f3n con elementos de la Unidad Canina de B\u00fasqueda y con el apoyo de Polic\u00edas Estatales y de Sedena, realizan de manera permanente los operativos en calles, avenidas principales y&#8230;<\/p>\n","protected":false},"author":2,"featured_media":1231039,"comment_status":"closed","ping_status":"closed","sticky":false,"template":"","format":"standard","meta":{"footnotes":""},"categories":[1969,2005],"tags":[8703,9532,10946,14720,14737,16207],"class_list":["post-1231038","post","type-post","status-publish","format-standard","has-post-thumbnail","hentry","category-trending","category-seguridad-y-justicia","tag-fiscalia-general-del-estado-de-guerrero-fge","tag-guardia-nacional","tag-jorge-zuriel-de-los-santos-barrila","tag-policia-estatal-de-guerrero","tag-policia-ministerial-de-guerrero","tag-secretaria-de-la-defensa-nacional-sedena"],"_links":{"self":[{"href":"https:\/\/www.acapulcopress.com\/index.php\/wp-json\/wp\/v2\/posts\/1231038","targetHints":{"allow":["GET"]}}],"collection":[{"href":"https:\/\/www.acapulcopress.com\/index.php\/wp-json\/wp\/v2\/posts"}],"about":[{"href":"https:\/\/www.acapulcopress.com\/index.php\/wp-json\/wp\/v2\/types\/post"}],"author":[{"embeddable":true,"href":"https:\/\/www.acapulcopress.com\/index.php\/wp-json\/wp\/v2\/users\/2"}],"replies":[{"embeddable":true,"href":"https:\/\/www.acapulcopress.com\/index.php\/wp-json\/wp\/v2\/comments?post=1231038"}],"version-history":[{"count":0,"href":"https:\/\/www.acapulcopress.com\/index.php\/wp-json\/wp\/v2\/posts\/1231038\/revisions"}],"wp:featuredmedia":[{"embeddable":true,"href":"https:\/\/www.acapulcopress.com\/index.php\/wp-json\/"}],"wp:attachment":[{"href":"https:\/\/www.acapulcopress.com\/index.php\/wp-json\/wp\/v2\/media?parent=1231038"}],"wp:term":[{"taxonomy":"category","embeddable":true,"href":"https:\/\/www.acapulcopress.com\/index.php\/wp-json\/wp\/v2\/categories?post=1231038"},{"taxonomy":"post_tag","embeddable":true,"href":"https:\/\/www.acapulcopress.com\/index.php\/wp-json\/wp\/v2\/tags?post=1231038"}],"curies":[{"name":"wp","href":"https:\/\/api.w.org\/{rel}","templated":true}]}}