{"id":1231050,"date":"2021-07-14T19:31:50","date_gmt":"2021-07-15T00:31:50","guid":{"rendered":"https:\/\/www.acapulco.press\/?p=1231050"},"modified":"2021-07-14T19:31:50","modified_gmt":"2021-07-15T00:31:50","slug":"conmebol-suspende-arbitros-por-errores-de-actuacion-en-la-libertadores","status":"publish","type":"post","link":"https:\/\/www.acapulcopress.com\/index.php\/2021\/07\/14\/conmebol-suspende-arbitros-por-errores-de-actuacion-en-la-libertadores\/","title":{"rendered":"Conmebol suspende \u00e1rbitros por errores de actuaci\u00f3n en la Libertadores"},"content":{"rendered":"<p style=\"text-align: justify;\">BUENOS AIRES. * 14 de julio de 2021.<br \/>\n<em>) <a href=\"https:\/\/apnews.com\/article\/deportes-fc0745ec5bfc96bbbd2fba9ec5d50ef1\" target=\"_blank\" rel=\"noopener\">AP<\/a>.<\/em><\/p>\n<p style=\"text-align: justify;\">La Confederaci\u00f3n Sudamericana de F\u00fatbol (Conmebol) suspendi\u00f3 el mi\u00e9rcoles a los \u00e1rbitros de dos de los tres partidos disputados hasta el momento en los octavos de final de la Copa Libertadores, debido a graves errores en sus actuaciones.<\/p>\n<p style=\"text-align: justify;\">La entidad sudamericana inform\u00f3 en un comunicado que suspendi\u00f3 por tiempo indeterminado al colombiano Andr\u00e9s Rojas y al paraguayo Derlis L\u00f3pez, quienes se desempe\u00f1aron respectivamente como silbante principal y \u00e1rbitro de VAR del encuentro que Boca Juniors empat\u00f3 sin goles ante Atl\u00e9tico Mineiro de Brasil el martes en el estadio la Bombonera.<\/p>\n<p style=\"text-align: justify;\">Rojas anul\u00f3 un gol l\u00edcito de Diego Gonz\u00e1lez a favor de Boca por una supuesta infracci\u00f3n en la jugada previa. El \u00e1rbitro en un principio hab\u00eda convalidado el tanto, pero ante las protestas de los jugadores visitantes por un supuesto empuj\u00f3n de Norberto Briasco sobre Nathan L\u00f3pez recurri\u00f3 al monitor de Asistencia al \u00c1rbitro por V\u00eddeo (en ingl\u00e9s, <em>Video Assistant Referee<\/em> [VAR]) para revisar la jugada a pesar de que sus colegas no hab\u00edan detectado contacto il\u00edcito, y modific\u00f3 su decisi\u00f3n.<\/p>\n<p style=\"text-align: justify;\">Seg\u00fan la evaluaci\u00f3n de la comisi\u00f3n de \u00e1rbitros de Conmebol, Rojas y L\u00f3pez \u201chan incurrido en graves errores en el ejercicio de sus funciones\u201d.<\/p>\n<p style=\"text-align: justify;\">La misma medida adopt\u00f3 la Conmebol contra los \u00e1rbitros chilenos a cargo del VAR, C\u00e9sar Desichler y Eduardo Gamboa, as\u00ed como el asistente argentino Julio Fern\u00e1ndez, por anular el gol de Mauro Boselli de Cerro Porte\u00f1o de Paraguay ante Fluminense de Brasil por una posici\u00f3n adelantada inexistente. Este encuentro finaliz\u00f3 2-0 a favor del equipo brasile\u00f1o.<\/p>\n<p style=\"text-align: justify;\">En este caso, los responsables del VAR no advirtieron que Boselli estaba habilitado por un rival.<\/p>\n<p style=\"text-align: justify;\">La suspensi\u00f3n se aplica a todas las competencias organizadas por Conmebol.<\/p>\n","protected":false},"excerpt":{"rendered":"<p>BUENOS AIRES. * 14 de julio de 2021. ) AP. La Confederaci\u00f3n Sudamericana de F\u00fatbol (Conmebol) suspendi\u00f3 el mi\u00e9rcoles a los \u00e1rbitros de dos de los tres partidos disputados hasta el momento en los octavos de final de la Copa Libertadores, debido a graves errores en sus actuaciones. La entidad sudamericana inform\u00f3 en un comunicado&#8230;<\/p>\n","protected":false},"author":2,"featured_media":1231051,"comment_status":"closed","ping_status":"closed","sticky":false,"template":"","format":"standard","meta":{"footnotes":""},"categories":[1988,18566],"tags":[4254,6346,6610,17896],"class_list":["post-1231050","post","type-post","status-publish","format-standard","has-post-thumbnail","hentry","category-lifestyles","category-sports-lifestyles","tag-asistencia-al-arbitro-por-video","tag-confederacion-sudamericana-de-futbol-conmebol","tag-copa-libertadores","tag-video-assistant-referee-var"],"_links":{"self":[{"href":"https:\/\/www.acapulcopress.com\/index.php\/wp-json\/wp\/v2\/posts\/1231050","targetHints":{"allow":["GET"]}}],"collection":[{"href":"https:\/\/www.acapulcopress.com\/index.php\/wp-json\/wp\/v2\/posts"}],"about":[{"href":"https:\/\/www.acapulcopress.com\/index.php\/wp-json\/wp\/v2\/types\/post"}],"author":[{"embeddable":true,"href":"https:\/\/www.acapulcopress.com\/index.php\/wp-json\/wp\/v2\/users\/2"}],"replies":[{"embeddable":true,"href":"https:\/\/www.acapulcopress.com\/index.php\/wp-json\/wp\/v2\/comments?post=1231050"}],"version-history":[{"count":0,"href":"https:\/\/www.acapulcopress.com\/index.php\/wp-json\/wp\/v2\/posts\/1231050\/revisions"}],"wp:featuredmedia":[{"embeddable":true,"href":"https:\/\/www.acapulcopress.com\/index.php\/wp-json\/"}],"wp:attachment":[{"href":"https:\/\/www.acapulcopress.com\/index.php\/wp-json\/wp\/v2\/media?parent=1231050"}],"wp:term":[{"taxonomy":"category","embeddable":true,"href":"https:\/\/www.acapulcopress.com\/index.php\/wp-json\/wp\/v2\/categories?post=1231050"},{"taxonomy":"post_tag","embeddable":true,"href":"https:\/\/www.acapulcopress.com\/index.php\/wp-json\/wp\/v2\/tags?post=1231050"}],"curies":[{"name":"wp","href":"https:\/\/api.w.org\/{rel}","templated":true}]}}