{"id":1231056,"date":"2021-07-14T20:01:03","date_gmt":"2021-07-15T01:01:03","guid":{"rendered":"https:\/\/www.acapulco.press\/?p=1231056"},"modified":"2021-07-14T20:01:03","modified_gmt":"2021-07-15T01:01:03","slug":"preparan-rescate-de-un-millon-de-obras-de-arte-de-la-prehistoria-a-dali","status":"publish","type":"post","link":"https:\/\/www.acapulcopress.com\/index.php\/2021\/07\/14\/preparan-rescate-de-un-millon-de-obras-de-arte-de-la-prehistoria-a-dali\/","title":{"rendered":"Preparan rescate de un mill\u00f3n de obras de arte, de la prehistoria a Dal\u00ed"},"content":{"rendered":"<p style=\"text-align: justify;\">BARCELONA. * 14 de julio de 2021.<br \/>\n<em>) <a href=\"https:\/\/www.efe.com\/efe\/espana\/cultura\/operacion-para-salvar-un-millon-de-obras-arte-la-prehistoria-a-dali\/10005-4586424\" target=\"_blank\" rel=\"noopener\">Efe<\/a>.<\/em><br \/>\nCuando en el verano de 1936 estall\u00f3 la Guerra Civil tras la sublevaci\u00f3n militar contra la Rep\u00fablica y hubo una explosi\u00f3n de violencia revolucionaria sin precedentes sobre el patrimonio, la Generalitat inici\u00f3 un \u00abingente\u00bb trabajo de salvaguarda y preservaci\u00f3n de obras que ahora se muestra en el <em>Museu Nacional d&#8217;Art de Catalunya<\/em> (MNAC).<\/p>\n<p style=\"text-align: justify;\">Hasta el d\u00eda 27 de febrero de 2022, en una de las salas del centro se podr\u00e1 ver \u00ab\u00a1El Museo en peligro!\u00bb, donde a partir de piezas originales, fotograf\u00edas, numerosa documentaci\u00f3n sobre las operaciones de evacuaci\u00f3n y traslados, alguna de ella in\u00e9dita, se describe este \u00abfascinante y relevante\u00bb episodio hist\u00f3rico, en palabras del director del MNAC, Pepe Serra.<\/p>\n<p style=\"text-align: justify;\">Comisariada por Mireia Capdevila y Francesc Vilanova, y coorganizada por la Fundaci\u00f3n Carles Pi i Sunyer, el Institut Catal\u00e0 de Recerca en Patrimoni Cultural y el Memorial Democr\u00e0tic, la exposici\u00f3n tambi\u00e9n quiere servir para \u00absaldar\u00bb una deuda con quien fue el m\u00e1ximo responsable del salvamento del patrimonio art\u00edstico en este per\u00edodo y fundador y director del primer Museo de Arte de Catalu\u00f1a, Joaquim Folch i Torres.<\/p>\n<p style=\"text-align: justify;\">Aunque la exposici\u00f3n se centra en c\u00f3mo se trasladaron desde Barcelona hasta Olot o Par\u00eds piezas hist\u00f3ricas de incalculable valor, como los \u00e1bsides de Sant Climent y Santa Maria de Ta\u00fcll o el lienzo de El Greco \u00abSan Pedro y San Pablo\u00bb, para que las bombas no las destrozaran, tampoco se obvia que en toda Catalu\u00f1a hubo movimientos parecidos de custodia.<\/p>\n<p style=\"text-align: justify;\">Seg\u00fan el director del Institut Catal\u00e0 de Recerca en Patrimoni Cultural, Joaquim Nadal, aunque ha quedado en la retina de muchos que las obras que itineraron fueron las antes citadas, \u00abel arte que se movi\u00f3 en ese momento va de la prehistoria a unos cuantos Picassos y Dal\u00eds\u00bb.<\/p>\n<p style=\"text-align: justify;\">En este punto, ha subrayado que, seg\u00fan los datos de Folch i Torres, la masa de objetos transportada desde el inicio de la Guerra Civil podr\u00eda llegar al mill\u00f3n, y tampoco ha dejado pasar que \u00abpor el camino se perdieron cosas, pero, en general, todo fue devuelto\u00bb.<\/p>\n<p style=\"text-align: justify;\">El comisario Francesc Vilanova ha precisado que lo que han querido explicar es \u00abc\u00f3mo de una situaci\u00f3n absolutamente cr\u00edtica, una sublevaci\u00f3n contra la Rep\u00fablica y una explosi\u00f3n revolucionaria posterior, surgi\u00f3 un esfuerzo ingente de recuperaci\u00f3n en circunstancias extremas\u00bb.<\/p>\n<p style=\"text-align: justify;\">A la vez, pretenden mostrar \u00abalgo que no se hab\u00eda visto antes, puesto que no solo el rom\u00e1nico y el g\u00f3tico se movieron arriba y abajo, tambi\u00e9n el \u00abArlequ\u00edn\u00bb de Picasso lo hizo, as\u00ed como pintura catalana contempor\u00e1nea\u00bb.<\/p>\n<p style=\"text-align: justify;\">Otro de los destacados de la exposici\u00f3n es dar a conocer el posicionamiento del franquismo respecto a este proyecto de salvaci\u00f3n de obras de arte.<\/p>\n<p style=\"text-align: justify;\">Para Vilanova, las autoridades de la dictadura lo que hicieron fue \u00abmentir\u00bb sobre el dispositivo que se arm\u00f3, \u00abesconder\u00bb lo que ocurri\u00f3 realmente con las obras de arte, dando a entender que muchas desaparecieron, y \u00abreprimir\u00bb a los que dise\u00f1aron la operaci\u00f3n, como Folch i Torres, que pas\u00f3 por un consejo de guerra militar, fue depurado y nunca m\u00e1s pudo poner un pie en el museo que fund\u00f3.<\/p>\n<p style=\"text-align: justify;\">A partir del mismo verano de 1936, hubo una intervenci\u00f3n intensiva sobre el patrimonio en toda Catalu\u00f1a, que comport\u00f3, asimismo, su clasificaci\u00f3n, ordenaci\u00f3n e incluso su restauraci\u00f3n, y su dep\u00f3sito en diferentes puntos de la geograf\u00eda catalana principalmente, Olot y el Mas Descals, en Darnius, aunque hubo otros en Agullana y Bescan\u00f3.<\/p>\n<p style=\"text-align: justify;\">La exposici\u00f3n, con un presupuesto de unos 90.000 euros, da a conocer que se contabilizaron m\u00e1s de 150 camiones desplazando el patrimonio al iniciarse la guerra y, al acabar, se documentaron otros 109, en 69 expediciones, devolviendo dep\u00f3sitos de Olot, Darnius, Peralada, Figueres y Viladrau a Barcelona.<\/p>\n<p style=\"text-align: justify;\">Otro de los apartados destacados es el que cuenta c\u00f3mo se prepar\u00f3 la exposici\u00f3n que se llev\u00f3 a cabo en febrero de 1937 en Par\u00eds, \u00abEl arte catal\u00e1n del siglo X al siglo XV\u00bb, traslad\u00e1ndose por carretera m\u00e1s de un centenar de piezas rom\u00e1nicas y g\u00f3ticas hasta el Jeu de Paume y, posteriormente, hasta el castillo de Maisons-Laffitte, un \u00abhito\u00bb en la historia del arte catal\u00e1n, puesto que fue la primera vez que se expuso fuera de Espa\u00f1a \u00abcon mucho \u00e9xito\u00bb una muestra representativa del mismo.<\/p>\n<p style=\"text-align: justify;\">Otra curiosidad de la exposici\u00f3n es que se inicia con un lienzo an\u00f3nimo de la segunda mitad del siglo XVII, \u00abAdoraci\u00f3n del Ni\u00f1o Jes\u00fas\u00bb, una donaci\u00f3n de la familia Casals i de Nadal al museo hace un par de a\u00f1os, en la que se puede observar un boquete en la cabeza del San Jos\u00e9 protagonista, provocado por un disparo de pistola cuando un grupo de anarquistas entr\u00f3 en la casa de los propietarios del cuadro en 1936.<\/p>\n","protected":false},"excerpt":{"rendered":"<p>BARCELONA. * 14 de julio de 2021. ) Efe. Cuando en el verano de 1936 estall\u00f3 la Guerra Civil tras la sublevaci\u00f3n militar contra la Rep\u00fablica y hubo una explosi\u00f3n de violencia revolucionaria sin precedentes sobre el patrimonio, la Generalitat inici\u00f3 un \u00abingente\u00bb trabajo de salvaguarda y preservaci\u00f3n de obras que ahora se muestra en&#8230;<\/p>\n","protected":false},"author":2,"featured_media":1231057,"comment_status":"closed","ping_status":"closed","sticky":false,"template":"","format":"standard","meta":{"footnotes":""},"categories":[2025,1972,1988],"tags":[9008,10198,12918,13457,13464,15956],"class_list":["post-1231056","post","type-post","status-publish","format-standard","has-post-thumbnail","hentry","category-arte-y-literatura","category-special","category-lifestyles","tag-fundacion-carles-pi-i-sunyer","tag-institut-catala-de-recerca-en-patrimoni-cultural","tag-memorial-democratic","tag-museo-nacional-de-arte-de-cataluna","tag-museu-nacional-dart-de-catalunya","tag-salvador-dali"],"_links":{"self":[{"href":"https:\/\/www.acapulcopress.com\/index.php\/wp-json\/wp\/v2\/posts\/1231056","targetHints":{"allow":["GET"]}}],"collection":[{"href":"https:\/\/www.acapulcopress.com\/index.php\/wp-json\/wp\/v2\/posts"}],"about":[{"href":"https:\/\/www.acapulcopress.com\/index.php\/wp-json\/wp\/v2\/types\/post"}],"author":[{"embeddable":true,"href":"https:\/\/www.acapulcopress.com\/index.php\/wp-json\/wp\/v2\/users\/2"}],"replies":[{"embeddable":true,"href":"https:\/\/www.acapulcopress.com\/index.php\/wp-json\/wp\/v2\/comments?post=1231056"}],"version-history":[{"count":0,"href":"https:\/\/www.acapulcopress.com\/index.php\/wp-json\/wp\/v2\/posts\/1231056\/revisions"}],"wp:featuredmedia":[{"embeddable":true,"href":"https:\/\/www.acapulcopress.com\/index.php\/wp-json\/"}],"wp:attachment":[{"href":"https:\/\/www.acapulcopress.com\/index.php\/wp-json\/wp\/v2\/media?parent=1231056"}],"wp:term":[{"taxonomy":"category","embeddable":true,"href":"https:\/\/www.acapulcopress.com\/index.php\/wp-json\/wp\/v2\/categories?post=1231056"},{"taxonomy":"post_tag","embeddable":true,"href":"https:\/\/www.acapulcopress.com\/index.php\/wp-json\/wp\/v2\/tags?post=1231056"}],"curies":[{"name":"wp","href":"https:\/\/api.w.org\/{rel}","templated":true}]}}