{"id":1231063,"date":"2021-07-14T21:42:46","date_gmt":"2021-07-15T02:42:46","guid":{"rendered":"https:\/\/www.acapulco.press\/?p=1231063"},"modified":"2021-07-14T21:42:46","modified_gmt":"2021-07-15T02:42:46","slug":"amlo-incurrio-en-promocion-personalizada-durante-pasadas-elecciones-determina-tepjf","status":"publish","type":"post","link":"https:\/\/www.acapulcopress.com\/index.php\/2021\/07\/14\/amlo-incurrio-en-promocion-personalizada-durante-pasadas-elecciones-determina-tepjf\/","title":{"rendered":"AMLO incurri\u00f3 en promoci\u00f3n personalizada durante pasadas elecciones, determina TEPJF"},"content":{"rendered":"<p style=\"text-align: justify;\">CIUDAD DE M\u00c9XICO. * 14 de julio de 2021.<br \/>\n<em>) Expansi\u00f3n.<\/em><\/p>\n<p style=\"text-align: justify;\">La Sala Superior del Tribunal Electoral del Poder Judicial de la Federaci\u00f3n (TEPJF) resolvi\u00f3 que el presidente de la Rep\u00fablica, Andr\u00e9s Manuel L\u00f3pez Obrador, incurri\u00f3 en violaciones directas al principio de imparcialidad y equidad en las elecciones, por sus expresiones en contra de la alianza opositora, integrada por los partidos Acci\u00f3n Nacional (PAN), Revolucionario Institucional (PRI) y de la Revoluci\u00f3n Democr\u00e1tica (PRD).<\/p>\n<p style=\"text-align: justify;\">Las manifestaciones del presidente fueron realizadas en la conferencia matutina del 23 de diciembre de 2020 y fueron denunciadas por el PRD.<\/p>\n<p style=\"text-align: justify;\">Hoy, en sesi\u00f3n p\u00fablica, por mayor\u00eda de 4 votos se dio la raz\u00f3n al PRD y se revoc\u00f3 la sentencia de la Sala Regional Especializada del TEPJF, que hab\u00eda determinado inexistente toda irregularidad.<\/p>\n<p style=\"text-align: justify;\">El magistrado presidente, Jos\u00e9 Luis Vargas Vald\u00e9s, y la magistrada M\u00f3nica Soto, quedaron en minor\u00eda. Seg\u00fan ellos, L\u00f3pez Obrador no vulner\u00f3 la Ley pues sus dichos no fueron durante campa\u00f1a y no toda propaganda gubernamental (como es considerada la ma\u00f1anera) es irregular.<\/p>\n<p style=\"text-align: justify;\">De hecho, Vargas Vald\u00e9s present\u00f3 una propuesta para confirmar que el presidente no viol\u00f3 la Ley.<\/p>\n<p style=\"text-align: justify;\">Sin embargo, con mayor\u00eda de 4 votos se resolvi\u00f3 que en este caso, L\u00f3pez Obrador s\u00ed quebrant\u00f3 el marco jur\u00eddico, acorde con los precedentes de sentencias en las que el Ejecutivo federal ya fue considerado responsable de vulnerar el principio de imparcialidad y equidad en las elecciones por expresiones vertidas en sus conferencias \u00abma\u00f1aneras\u00bb.<\/p>\n<p style=\"text-align: justify;\">En la conferencia de prensa denunciada, a pregunta sobre la alianza opositora que se hab\u00eda anunciado el d\u00eda anterior, el presidente asegur\u00f3: \u201cPues es algo natural, obvio. Ellos se est\u00e1n agrupando porque ellos representan al antiguo r\u00e9gimen\u201d.<\/p>\n<p style=\"text-align: justify;\">El mandatario continu\u00f3: \u201cSe agrupan para defender al antiguo r\u00e9gimen, defender los privilegios, lo que signific\u00f3 la pol\u00edtica neoliberal, el beneficio para las minor\u00edas, la corrupci\u00f3n, el empobrecimiento del pueblo, la inseguridad, la violencia. Van a buscar en las elecciones el regreso de ese r\u00e9gimen antipopular, corrupto, de privilegios\u201d.<\/p>\n<p style=\"text-align: justify;\">Hoy, con su resoluci\u00f3n, se confirm\u00f3 que el mandatario actu\u00f3 de forma irregular y se afect\u00f3 la equidad en la contienda.<\/p>\n<p style=\"text-align: justify;\"><iframe loading=\"lazy\" title=\"M\u00e9xico dejar\u00e1 de importar gasolinas en 2023. Conferencia presidente AMLO\" width=\"1160\" height=\"653\" src=\"https:\/\/www.youtube.com\/embed\/OnP8SL11Uqs?feature=oembed\" frameborder=\"0\" allow=\"accelerometer; autoplay; clipboard-write; encrypted-media; gyroscope; picture-in-picture; web-share\" referrerpolicy=\"strict-origin-when-cross-origin\" allowfullscreen><\/iframe><\/p>\n<p style=\"text-align: justify;\">EXTRACTO DE LA CONFERENCIA DEL 23 DE DICIEMBRE DE 2020<\/p>\n<p style=\"text-align: justify;\"><strong>&#8212; Se\u00f1or presidente, en un segundo tema, el d\u00eda de ayer los l\u00edderes del PRI, el PAN y el PRD, a trav\u00e9s de una videoconferencia concretaron o dieron el banderazo de salida a esta alianza. Tambi\u00e9n el consejero presidente del INE habl\u00f3 de que conf\u00eda en que no intervenga en las elecciones. Ya usted se ha manifestado respecto a que habr\u00e1 libertad en las elecciones y que usted no intervendr\u00e1. Preguntarle, se\u00f1or presidente, pensando que el siguiente a\u00f1o ser\u00e1 el a\u00f1o electoral m\u00e1s grande en la historia de nuestro pa\u00eds, preguntarle: \u00bfc\u00f3mo va a buscar usted que haya elecciones libres. \u00a0\u00bfY qu\u00e9 opini\u00f3n le merece los comentarios que hicieron ayer los l\u00edderes de estos partidos en su alianza?<\/strong><\/p>\n<p style=\"text-align: justify;\"><strong>L\u00d3PEZ OBRADOR<\/strong>: Pues es algo natural, obvio. Ellos se est\u00e1n agrupando porque ellos representan al antiguo r\u00e9gimen. Ellos mandaron, ellos dominaron en los \u00faltimos 40 a\u00f1os y lo hicieron asociados, simulando que eran distintos; ahora, ya como se est\u00e1 llevando a cabo una transformaci\u00f3n en el pa\u00eds, pues se quitan las m\u00e1scaras y ya se abrazan y formalmente se agrupan para defender al antiguo r\u00e9gimen, defender los privilegios, lo que signific\u00f3 la pol\u00edtica neoliberal: el beneficio para las minor\u00edas, la corrupci\u00f3n, el empobrecimiento del pueblo, la inseguridad, la violencia.<\/p>\n<p style=\"text-align: justify;\">Eso es lo que ellos a\u00f1oran y es lo que est\u00e1n ahora defendiendo, y van a buscar en las elecciones el regreso de ese r\u00e9gimen antipopular, corrupto, de privilegios. Pero es leg\u00edtimo, esto pasa en todo el mundo.<\/p>\n<p style=\"text-align: justify;\">Es un agrupamiento conservador que quiere, como su nombre lo indica, conservar privilegios, es amplio y tiene que ver con grupos de intereses creados: todos los que antes no pagaban impuestos y ahora tienen que pagar impuestos; todos los que hac\u00edan jugosos negocios al amparo del poder p\u00fablico y ahora no los hacen; todos los que recib\u00edan subvenci\u00f3n en medios de informaci\u00f3n y ahora no est\u00e1n recibiendo, y tambi\u00e9n una parte que no est\u00e1 vinculada s\u00f3lo a lo econ\u00f3mico o a intereses materiales, sino a un pensamiento conservador, el que nos vean como comunistas, populistas, paternalistas; existe tambi\u00e9n mucha gente as\u00ed y todos merecen nuestro respeto.<\/p>\n<p style=\"text-align: justify;\">Yo lo que creo, que el grupo que denomina a los que se est\u00e1n uniendo, los que mandan, porque siempre hay niveles, los <em>machuchones<\/em>, pues lo que quieren, lo que m\u00e1s les importa es quitarnos el presupuesto. Para decirlo con m\u00e1s claridad, quitarles el presupuesto a los pobres.<\/p>\n<p style=\"text-align: justify;\">Lo dem\u00e1s es secundario, qui\u00e9n gana una gubernatura, qui\u00e9n gana los ayuntamientos, qui\u00e9n tiene mayor\u00eda en los congresos locales. Lo que les importa -adem\u00e1s, ellos mismos lo han expresado- es que no tengamos -quienes apoyan al gobierno, quienes est\u00e1n llevando a cabo la transformaci\u00f3n- que no tengamos una representaci\u00f3n mayoritaria en la C\u00e1mara de Diputados.<\/p>\n<p style=\"text-align: justify;\">\u00bfY cu\u00e1l es la funci\u00f3n principal de la C\u00e1mara de Diputados, la facultad exclusiva de la C\u00e1mara de Diputados?<\/p>\n<p style=\"text-align: justify;\">Aprobar el presupuesto. O sea, no aguantan, no soportan el que haya pensi\u00f3n a los adultos mayores, el que haya pensi\u00f3n para ni\u00f1as, ni\u00f1os con discapacidad, no soportan el que los estudiantes pobres reciban becas; les molesta hasta el que se exprese -aunque no se lleve a la pr\u00e1ctica porque significa todo un proceso y hay muchos obst\u00e1culos precisamente, porque son muchos los intereses creados-, les molesta que se hable de atenci\u00f3n m\u00e9dica y de medicamentos gratuitos; les molesta much\u00edsimo el que se siga fortaleciendo la educaci\u00f3n p\u00fablica y que la educaci\u00f3n no sea un privilegio, sino un derecho, porque ellos apostaron durante todo el periodo neoliberal a la privatizaci\u00f3n de la educaci\u00f3n, de la salud. Entonces, eso es lo que est\u00e1 en cuesti\u00f3n.<\/p>\n<p style=\"text-align: justify;\">Va a ser una elecci\u00f3n interesant\u00edsima, porque la gente va a decidir. \u00bfQu\u00e9 quieren?, \u00bfm\u00e1s de lo mismo o retrocesos, o quieren que sigamos adelante?<\/p>\n<p style=\"text-align: justify;\"><strong>&#8212; \u00bfC\u00f3mo garantizar esa libertad?, que alguien en el gobierno no intervenga en las elecciones.<\/strong><\/p>\n<p style=\"text-align: justify;\"><strong>L\u00d3PEZ OBRADOR:<\/strong> No puede nadie intervenir del gobierno, que es otro distintivo.<\/p>\n<p style=\"text-align: justify;\">Ellos vienen de un r\u00e9gimen antidemocr\u00e1tico, o sea, hicieron fraude, hay much\u00edsimas v\u00edctimas del fraude electoral que cometieron estos que est\u00e1n ahora unidos, incluidos los intelectuales org\u00e1nicos que guardaron silencio, firmaban manifiestos a favor de los fraudes. Entonces, ahora son los que se est\u00e1n agrupando.<\/p>\n<p style=\"text-align: justify;\">Me causa, la verdad, mucho orgullo, es un triunfo moral el que, al paso del tiempo, despu\u00e9s de luchar muchos a\u00f1os junto con millones de mexicano, se logra iniciar una transformaci\u00f3n y a los dos a\u00f1os se unen los conservadores para detener el proceso de transformaci\u00f3n.<\/p>\n<p style=\"text-align: justify;\">\u00bfPuede haber algo m\u00e1s satisfactorio que eso para un luchador social, para un dem\u00f3crata, para un revolucionario, un reformador, un transformador? No.<\/p>\n<p style=\"text-align: justify;\">Imag\u00ednense si a los dos a\u00f1os toda esa fuerza conservadora no se manifestara como una oposici\u00f3n, como lo est\u00e1n haciendo, \u00bfcu\u00e1l ser\u00eda el mensaje?, pues de que no hay ning\u00fan cambio, de que todo sigue igual.<\/p>\n<p style=\"text-align: justify;\">Entonces, s\u00ed es motivo de orgullo, una dicha enorme el que se est\u00e9n uniendo en contra de nosotros, porque estamos defendiendo la causa que enarbolamos durante muchos a\u00f1os y que ahora estamos llevando a la pr\u00e1ctica, a la realidad. Pero, desde luego, es muy leg\u00edtimo, eso es parte consustancial de la democracia, que haya oposici\u00f3n.<\/p>\n<p style=\"text-align: justify;\">Ahora vienen las elecciones, todos tenemos que ayudar para que las elecciones sean limpias, libres, que no se utilice dinero del presupuesto; y no s\u00f3lo del presupuesto federal. No se debe de utilizar dinero de los presupuestos estatales, de los presupuestos municipales, no se debe de repartir despensas, no se debe de traficar con la pobreza de la gente; desde luego, no puede haber trampas. Voto libre, secreto, y que el pueblo decida lo que considere, y nosotros vamos a acatar lo que sea la voluntad del pueblo, lo que la gente determine, no vamos a meternos en nada, a favor de ning\u00fan candidato, de ning\u00fan partido.<\/p>\n<p style=\"text-align: justify;\">Ahora est\u00e1n haciendo las selecciones de candidatos en Morena, que es el partido al que pertenezco, aunque ahora tengo licencia porque estoy desempe\u00f1\u00e1ndome como presidente; pero nadie puede decir que tengo un candidato, que he hecho una recomendaci\u00f3n, a nadie, en ning\u00fan caso. Me entero como ustedes, por las noticias.<\/p>\n<p style=\"text-align: justify;\">Ya les platicaba yo la diferencia entre Porfirio D\u00edaz y Francisco I. Madero. Porfirio D\u00edaz hac\u00eda las listas y ten\u00edas las llamadas \u2018palomas mensajeras\u2019 antes de las elecciones, y esos eran los que sal\u00edan. Madero se enteraba por la prensa y recomendaba, que lo voy a hacer yo siguiendo ese ejemplo, le voy a mandar cartas a cada gobernador como lo hac\u00eda Madero cuando se celebraban elecciones, es una cosa \u00fanica lo cual demuestra que era un aut\u00e9ntico dem\u00f3crata.<\/p>\n<p style=\"text-align: justify;\">Le mandaba cartas de los gobernadores dici\u00e9ndoles: \u2018Le pido favor que cuide que las elecciones sean limpias, que no importa qui\u00e9n gane, que lo que importa es que se respete la voluntad del pueblo. Gane quien gane, yo lo voy a respetar, porque esa es la voluntad de los ciudadanos\u2019.<\/p>\n<p style=\"text-align: justify;\">A veces parec\u00eda hasta ingenuo, porque le mandaba carta a los que hab\u00edan quedado de gobernadores desde el porfiriato. Le mandaba cartas, por ejemplo, tengo constancia, a Jer\u00f3nimo Trevi\u00f1o en Nuevo Le\u00f3n, que ya ten\u00eda en ese entonces como 80 a\u00f1os o la misma edad de Porfirio, y era el hombre fuerte.<\/p>\n<p style=\"text-align: justify;\">\u00bfY c\u00f3mo era antes?<\/p>\n<p style=\"text-align: justify;\">Pues ellos decid\u00edan. La regla de oro consist\u00eda en que el presidente nombraba a los diputados, a los senadores, a los ministros de la Corte y los gobernadores nombraban a los presidentes municipales, a los diputados locales.<\/p>\n<p style=\"text-align: justify;\">Pasa la Revoluci\u00f3n y sigue lo mismo, esa regla. Le atribuyen la regla a don Adolfo Ruiz Cortines, pero no, el origen es Porfirio D\u00edaz, ah\u00ed se defini\u00f3.<\/p>\n<p style=\"text-align: justify;\">Entonces, es tiempo de mandar cartas, pero sobre todo el que participemos todos los mexicanos, el que estemos pendientes y que no nos dejemos manipular, que de repente, como era antes, un bombardeo de publicidad de un candidato, empiezan a aparecer espectaculares del candidato, bueno, hasta en el cine, iba uno al cine y ah\u00ed estaban, por todos lados.<\/p>\n<p style=\"text-align: justify;\">Tra\u00edan expertos en publicidad, mercenarios que se alquilaban para el manejo de las campa\u00f1as, met\u00edan al mercado a cualquier persona, como se introduce al mercado un producto chatarra, y con publicidad lo volv\u00edan famoso y pod\u00eda llegar a ocupar un cargo y: \u2018r\u00edete\u2019 y empez\u00f3 el manejo publicitario hasta para corregir defectos; si ten\u00edas el colmillo -en sentido figurado, no literal- muy grande, te lo limaban para que la sonrisa fuese agradable. Hab\u00eda candidatos que se la pasaban as\u00ed.<\/p>\n<p style=\"text-align: justify;\"><strong>&#8212; D\u00edgame usted qu\u00e9 piensa sobre las libertades.<\/strong><\/p>\n<p style=\"text-align: justify;\"><strong>AMLO:<\/strong>\u00a0 Miren usted, las libertades\u2026\u2019<\/p>\n<p style=\"text-align: justify;\">As\u00ed estaba la cosa. Yo creo que ya eso ya cambi\u00f3, y ya cambi\u00f3, porque ya el pueblo no se deja enga\u00f1ar, pero era todo lo que se usaba.<\/p>\n<p style=\"text-align: justify;\">Cuando empez\u00f3 a manejarse el internet hab\u00eda charlatanes, vendedores de publicidad que dec\u00edan: \u2018Mira, lo moderno es que aparezcas en el internet, puedes hacer la campa\u00f1a por internet, le vas a llegar a millones de mexicanos por internet o a millones de ciudadanos de un estado por internet\u2019, como si todo mundo tuviese acceso al internet y como si eso fuese la panacea. \u2018Es que as\u00ed lo hizo Obama y le funcion\u00f3\u2019.<\/p>\n<p style=\"text-align: justify;\">\u00bfC\u00f3mo se llam\u00f3 la revoluci\u00f3n en Egipto? La primavera \u00bfno?, se hizo con internet y se crearon mitos, falacias, o sea, ese movimiento tuvo que ver con much\u00edsimas otras cosas y no era todo el internet.<\/p>\n<p style=\"text-align: justify;\">Nosotros lo que recomend\u00e1bamos, no hab\u00eda dinero, dec\u00edamos: \u2018Bueno, pues tu par de tenis, tu morralito y tu volante, y casa por casa, 150 casas diarias. Vas a terminar cansado, pero vas a dormir bien\u2019. Y a la gente eso le gusta.<\/p>\n<p style=\"text-align: justify;\">Pero imag\u00ednense, en la concepci\u00f3n tradicional de la pol\u00edtica, si se le dice a un candidato: \u2018Tienes que ir casa por casa\u2019, si ellos est\u00e1n acostumbrados a otro tipo de cosas, no hablan con la gente, porque antes el pueblo no exist\u00eda, la pol\u00edtica era asunto de los pol\u00edticos, era la relaci\u00f3n que se ten\u00eda arriba, el que se contara con buenos padrinos para ser recomendado.<\/p>\n<p style=\"text-align: justify;\">Y as\u00ed sucedi\u00f3, sal\u00edan de candidatos los ayudantes de los dirigentes, pero no s\u00f3lo de los dirigentes del partido en el gobierno, sino de la oposici\u00f3n, los que estaban en oposici\u00f3n.<\/p>\n<p style=\"text-align: justify;\"><strong>\u00bfQui\u00e9nes iban a las listas plurinominales?<\/strong><\/p>\n<p style=\"text-align: justify;\">Los que estaban alrededor de los dirigentes y sus familiares: las esposas, las hermanas, los hijos.<\/p>\n<p style=\"text-align: justify;\">Entonces, todo eso est\u00e1 cambiando y va a cambiar m\u00e1s, porque tambi\u00e9n esa es una asignatura pendiente, nunca ha habido democracia en el pa\u00eds, siglos sin democracia. Estamos dando los primeros pasos.<\/p>\n<p style=\"text-align: justify;\">Necesitamos consolidar la democracia, es fundamental, porque as\u00ed es el pueblo el que va a decidir siempre, el pueblo es el soberano. Si no hay democracia es el dinero el que domina, son los grupos de poder, es la m\u00e1xima de que \u2018pol\u00edtico pobre, pobre pol\u00edtico\u2019.<\/p>\n<p style=\"text-align: justify;\">Un campesino, un obrero, un profesional, un peque\u00f1o comerciante, un peque\u00f1o empresario, no puede, son los de arriba nada m\u00e1s los que van a estar siempre en los cargos de representaci\u00f3n.<\/p>\n<p style=\"text-align: justify;\">Se fueron creando estas leyendas de que \u2018\u00bfc\u00f3mo va a ir un campesino al Congreso, un obrero, una artesana?, no tiene conocimiento, no sabe de pr\u00e1cticas parlamentarias\u2019, cuando lo que se necesita es una representaci\u00f3n aut\u00e9ntica, lo que se necesita es que haya honestidad, que no se vendan, que act\u00faen en defensa de causas justas.<\/p>\n<p style=\"text-align: justify;\">\u00bfDe qu\u00e9 sirve que estudien en el extranjero? Y no tengo nada en contra de los que estudian en el extranjero, tambi\u00e9n lo aclaro, pero eso no puede ser la patente para decir que ya hay seguridad que voy a estar bien representado, pues no. El padre de la desigualdad moderna en M\u00e9xico estudi\u00f3 en Harvard. Bueno, pues ya nos fuimos por otro lado.<\/p>\n","protected":false},"excerpt":{"rendered":"<p>CIUDAD DE M\u00c9XICO. * 14 de julio de 2021. ) Expansi\u00f3n. La Sala Superior del Tribunal Electoral del Poder Judicial de la Federaci\u00f3n (TEPJF) resolvi\u00f3 que el presidente de la Rep\u00fablica, Andr\u00e9s Manuel L\u00f3pez Obrador, incurri\u00f3 en violaciones directas al principio de imparcialidad y equidad en las elecciones, por sus expresiones en contra de la&#8230;<\/p>\n","protected":false},"author":2,"featured_media":1231064,"comment_status":"closed","ping_status":"closed","sticky":false,"template":"","format":"standard","meta":{"footnotes":""},"categories":[2052,1972,18561],"tags":[3896,11075,17391],"class_list":["post-1231063","post","type-post","status-publish","format-standard","has-post-thumbnail","hentry","category-elecciones","category-special","category-society-politics","tag-andres-manuel-lopez-obrador","tag-jose-luis-vargas-valdes","tag-tribunal-electoral-del-poder-judicial-de-la-federacion-tepjf"],"_links":{"self":[{"href":"https:\/\/www.acapulcopress.com\/index.php\/wp-json\/wp\/v2\/posts\/1231063","targetHints":{"allow":["GET"]}}],"collection":[{"href":"https:\/\/www.acapulcopress.com\/index.php\/wp-json\/wp\/v2\/posts"}],"about":[{"href":"https:\/\/www.acapulcopress.com\/index.php\/wp-json\/wp\/v2\/types\/post"}],"author":[{"embeddable":true,"href":"https:\/\/www.acapulcopress.com\/index.php\/wp-json\/wp\/v2\/users\/2"}],"replies":[{"embeddable":true,"href":"https:\/\/www.acapulcopress.com\/index.php\/wp-json\/wp\/v2\/comments?post=1231063"}],"version-history":[{"count":0,"href":"https:\/\/www.acapulcopress.com\/index.php\/wp-json\/wp\/v2\/posts\/1231063\/revisions"}],"wp:featuredmedia":[{"embeddable":true,"href":"https:\/\/www.acapulcopress.com\/index.php\/wp-json\/"}],"wp:attachment":[{"href":"https:\/\/www.acapulcopress.com\/index.php\/wp-json\/wp\/v2\/media?parent=1231063"}],"wp:term":[{"taxonomy":"category","embeddable":true,"href":"https:\/\/www.acapulcopress.com\/index.php\/wp-json\/wp\/v2\/categories?post=1231063"},{"taxonomy":"post_tag","embeddable":true,"href":"https:\/\/www.acapulcopress.com\/index.php\/wp-json\/wp\/v2\/tags?post=1231063"}],"curies":[{"name":"wp","href":"https:\/\/api.w.org\/{rel}","templated":true}]}}