{"id":1231071,"date":"2021-07-14T22:18:59","date_gmt":"2021-07-15T03:18:59","guid":{"rendered":"https:\/\/www.acapulco.press\/?p=1231071"},"modified":"2021-07-14T22:18:59","modified_gmt":"2021-07-15T03:18:59","slug":"nada-impide-regreso-a-clases-amlo","status":"publish","type":"post","link":"https:\/\/www.acapulcopress.com\/index.php\/2021\/07\/14\/nada-impide-regreso-a-clases-amlo\/","title":{"rendered":"\u00a1Nada impide regreso a clases! | AMLO"},"content":{"rendered":"<p style=\"text-align: justify;\">MORELIA. * 14 de julio de 2021.<br \/>\n<em>) <a href=\"https:\/\/metapolitica.mx\/2021\/07\/14\/amlo-anuncia-el-regreso-a-clases-presenciales-no-hay-nada-que-lo-impida\/\" target=\"_blank\" rel=\"noopener\">Meta Pol\u00edtica<\/a>.<\/em><\/p>\n<p style=\"text-align: justify;\">\u201cVamos a reiniciar las clases (presenciales), as\u00ed en definitiva, no hay nada que lo impida\u201d, anunci\u00f3 el presidente Andr\u00e9s Manuel L\u00f3pez Obrador.<\/p>\n<p style=\"text-align: justify;\">\u201cCon la pandemia se cerraron las escuelas, estamos ahora prepar\u00e1ndonos para el reinicio a clases presenciales, tenemos que poner en buen estado las escuelas\u201d, dijo.<\/p>\n<p style=\"text-align: justify;\">Para lo anterior, dijo, porque requerir\u00e1 del apoyo de autoridades estatales, municipales, \u201ctambi\u00e9n de la sociedades de madres y de padres de familia, porque han estado abandonadas las escuelas durante mucho tiempo\u201d.<\/p>\n<p style=\"text-align: justify;\">\u201cHay escuelas incluso hasta vandalizadas, y necesitamos arreglarlas, porque vamos a reiniciar las clases, as\u00ed en definitiva, no hay nada que lo impida\u201d, asever\u00f3.<\/p>\n<p style=\"text-align: justify;\">L\u00f3pez Obrador coment\u00f3 al respecto que, aunque hay un rebrote en los contagios de COVID-19, \u201cya tenemos m\u00e1s vacunaci\u00f3n, y por lo mismo hay menos riesgo de contagios\u201d, y enfatiz\u00f3 en que \u201cya no podemos seguir con las escuelas cerradas, necesitamos abrir\u201d.<\/p>\n<p style=\"text-align: justify;\">\u201cEl inicio a clases se va a dar y vamos a presentar aqu\u00ed, la semana pr\u00f3xima, una propuesta, para que con tiempo nos preparemos todos (\u2026) que no nos malacostumbremos, tenemos que regresar a clases a finales de agosto\u201d, anunci\u00f3.<\/p>\n","protected":false},"excerpt":{"rendered":"<p>MORELIA. * 14 de julio de 2021. ) Meta Pol\u00edtica. \u201cVamos a reiniciar las clases (presenciales), as\u00ed en definitiva, no hay nada que lo impida\u201d, anunci\u00f3 el presidente Andr\u00e9s Manuel L\u00f3pez Obrador. \u201cCon la pandemia se cerraron las escuelas, estamos ahora prepar\u00e1ndonos para el reinicio a clases presenciales, tenemos que poner en buen estado las&#8230;<\/p>\n","protected":false},"author":2,"featured_media":1231073,"comment_status":"closed","ping_status":"closed","sticky":false,"template":"","format":"standard","meta":{"footnotes":""},"categories":[1972,1997],"tags":[3793,3896,5840,6705],"class_list":["post-1231071","post","type-post","status-publish","format-standard","has-post-thumbnail","hentry","category-special","category-noticias-destacadas","tag-amlo","tag-andres-manuel-lopez-obrador","tag-clases-presenciales","tag-covid19"],"_links":{"self":[{"href":"https:\/\/www.acapulcopress.com\/index.php\/wp-json\/wp\/v2\/posts\/1231071","targetHints":{"allow":["GET"]}}],"collection":[{"href":"https:\/\/www.acapulcopress.com\/index.php\/wp-json\/wp\/v2\/posts"}],"about":[{"href":"https:\/\/www.acapulcopress.com\/index.php\/wp-json\/wp\/v2\/types\/post"}],"author":[{"embeddable":true,"href":"https:\/\/www.acapulcopress.com\/index.php\/wp-json\/wp\/v2\/users\/2"}],"replies":[{"embeddable":true,"href":"https:\/\/www.acapulcopress.com\/index.php\/wp-json\/wp\/v2\/comments?post=1231071"}],"version-history":[{"count":0,"href":"https:\/\/www.acapulcopress.com\/index.php\/wp-json\/wp\/v2\/posts\/1231071\/revisions"}],"wp:featuredmedia":[{"embeddable":true,"href":"https:\/\/www.acapulcopress.com\/index.php\/wp-json\/"}],"wp:attachment":[{"href":"https:\/\/www.acapulcopress.com\/index.php\/wp-json\/wp\/v2\/media?parent=1231071"}],"wp:term":[{"taxonomy":"category","embeddable":true,"href":"https:\/\/www.acapulcopress.com\/index.php\/wp-json\/wp\/v2\/categories?post=1231071"},{"taxonomy":"post_tag","embeddable":true,"href":"https:\/\/www.acapulcopress.com\/index.php\/wp-json\/wp\/v2\/tags?post=1231071"}],"curies":[{"name":"wp","href":"https:\/\/api.w.org\/{rel}","templated":true}]}}