{"id":1231089,"date":"2021-07-15T18:00:32","date_gmt":"2021-07-15T23:00:32","guid":{"rendered":"https:\/\/www.acapulco.press\/?p=1231089"},"modified":"2021-07-15T18:00:32","modified_gmt":"2021-07-15T23:00:32","slug":"felicita-senador-anorve-al-gobernador-astudillo-por-su-6to-informe-de-gobierno","status":"publish","type":"post","link":"https:\/\/www.acapulcopress.com\/index.php\/2021\/07\/15\/felicita-senador-anorve-al-gobernador-astudillo-por-su-6to-informe-de-gobierno\/","title":{"rendered":"Felicita Senador A\u00f1orve al Gobernador Astudillo por su 6to. Informe de Gobierno"},"content":{"rendered":"<p style=\"text-align: justify;\">CHILPANCINGO. * 15 de julio de 2021.<br \/>\n<em>) Especial.<\/em><\/p>\n<p style=\"text-align: justify;\">El Senador de la Rep\u00fablica Manuel A\u00f1orve Ba\u00f1os extern\u00f3 su reconocimiento y felicitaci\u00f3n al Gobernador H\u00e9ctor Astudillo con motivo de su Sexto Informe de Gobierno, en donde el legislador federal destac\u00f3 los avances que hay en la entidad, como la gobernabilidad, las acciones que se realizan para contener la pandemia de Covid 19, as\u00ed como la aprobaci\u00f3n que mantiene entre los guerrerenses, siendo el Gobernador uno de los mandatarios de todo el pa\u00eds con mayor aceptaci\u00f3n por parte de sus gobernados.<\/p>\n<p style=\"text-align: justify;\">Manuel A\u00f1orve, dijo que en seis a\u00f1os en Guerrero existe una gobernabilidad palpable, la cual se ha mantenido y estabilizado la entidad y los n\u00fameros dan cuenta de ello.<\/p>\n<p style=\"text-align: justify;\">Adem\u00e1s destac\u00f3 la madurez y coordinaci\u00f3n que ha mostrado el Gobernador H\u00e9ctor Astudillo con la federaci\u00f3n y los municipios a fin de dar m\u00e1s y mejores resultados para la ciudadan\u00eda.<\/p>\n<p style=\"text-align: justify;\">Finalmente, A\u00f1orve Ba\u00f1os, reiter\u00f3 su disposici\u00f3n para seguir trabajando de manera coordinada con el titular del Ejecutivo Estatal y sumar esfuerzos desde el Senado de la Rep\u00fablica.<\/p>\n","protected":false},"excerpt":{"rendered":"<p>CHILPANCINGO. * 15 de julio de 2021. ) Especial. El Senador de la Rep\u00fablica Manuel A\u00f1orve Ba\u00f1os extern\u00f3 su reconocimiento y felicitaci\u00f3n al Gobernador H\u00e9ctor Astudillo con motivo de su Sexto Informe de Gobierno, en donde el legislador federal destac\u00f3 los avances que hay en la entidad, como la gobernabilidad, las acciones que se realizan&#8230;<\/p>\n","protected":false},"author":2,"featured_media":1231090,"comment_status":"closed","ping_status":"closed","sticky":false,"template":"","format":"standard","meta":{"footnotes":""},"categories":[1983,18561],"tags":[9644,9705,12366],"class_list":["post-1231089","post","type-post","status-publish","format-standard","has-post-thumbnail","hentry","category-guerrerogob","category-society-politics","tag-haf-6to-informe-de-gobierno","tag-hector-astudillo-flores","tag-manuel-anorve-banos"],"_links":{"self":[{"href":"https:\/\/www.acapulcopress.com\/index.php\/wp-json\/wp\/v2\/posts\/1231089","targetHints":{"allow":["GET"]}}],"collection":[{"href":"https:\/\/www.acapulcopress.com\/index.php\/wp-json\/wp\/v2\/posts"}],"about":[{"href":"https:\/\/www.acapulcopress.com\/index.php\/wp-json\/wp\/v2\/types\/post"}],"author":[{"embeddable":true,"href":"https:\/\/www.acapulcopress.com\/index.php\/wp-json\/wp\/v2\/users\/2"}],"replies":[{"embeddable":true,"href":"https:\/\/www.acapulcopress.com\/index.php\/wp-json\/wp\/v2\/comments?post=1231089"}],"version-history":[{"count":0,"href":"https:\/\/www.acapulcopress.com\/index.php\/wp-json\/wp\/v2\/posts\/1231089\/revisions"}],"wp:featuredmedia":[{"embeddable":true,"href":"https:\/\/www.acapulcopress.com\/index.php\/wp-json\/"}],"wp:attachment":[{"href":"https:\/\/www.acapulcopress.com\/index.php\/wp-json\/wp\/v2\/media?parent=1231089"}],"wp:term":[{"taxonomy":"category","embeddable":true,"href":"https:\/\/www.acapulcopress.com\/index.php\/wp-json\/wp\/v2\/categories?post=1231089"},{"taxonomy":"post_tag","embeddable":true,"href":"https:\/\/www.acapulcopress.com\/index.php\/wp-json\/wp\/v2\/tags?post=1231089"}],"curies":[{"name":"wp","href":"https:\/\/api.w.org\/{rel}","templated":true}]}}