{"id":1231095,"date":"2021-07-15T18:30:18","date_gmt":"2021-07-15T23:30:18","guid":{"rendered":"https:\/\/www.acapulco.press\/?p=1231095"},"modified":"2021-07-15T18:30:18","modified_gmt":"2021-07-15T23:30:18","slug":"captura-fge-a-un-narcomenudeador-de-atoyac","status":"publish","type":"post","link":"https:\/\/www.acapulcopress.com\/index.php\/2021\/07\/15\/captura-fge-a-un-narcomenudeador-de-atoyac\/","title":{"rendered":"Captura FGE a un narcomenudeador de Atoyac"},"content":{"rendered":"<p>CHILPANCINGO. * 15 de julio de 2021.<br \/>\n<em>) <a href=\"https:\/\/fiscaliaguerrero.gob.mx\" target=\"_blank\" rel=\"noopener\">https:\/\/fiscaliaguerrero.gob.mx<\/a>,.<\/em><\/p>\n<p style=\"text-align: justify;\">Fiscal\u00eda de Guerrero a trav\u00e9s de la Polic\u00eda Investigadora Ministerial de Atoyac, dio cumplimiento a la orden de aprehensi\u00f3n en contra de quien dijo llamarse Juan \u00abN\u00bb como probable responsable del delito contra la salud, en su modalidad de narcomenudeo, en su variante de posesi\u00f3n, hechos en la carpeta judicial C-23\/2021, quedando a disposici\u00f3n del Juez de Control y Enjuiciamiento Penal del Distrito Judicial de Galeana.<\/p>\n","protected":false},"excerpt":{"rendered":"<p>CHILPANCINGO. * 15 de julio de 2021. ) https:\/\/fiscaliaguerrero.gob.mx,. Fiscal\u00eda de Guerrero a trav\u00e9s de la Polic\u00eda Investigadora Ministerial de Atoyac, dio cumplimiento a la orden de aprehensi\u00f3n en contra de quien dijo llamarse Juan \u00abN\u00bb como probable responsable del delito contra la salud, en su modalidad de narcomenudeo, en su variante de posesi\u00f3n, hechos&#8230;<\/p>\n","protected":false},"author":2,"featured_media":1231096,"comment_status":"closed","ping_status":"closed","sticky":false,"template":"","format":"standard","meta":{"footnotes":""},"categories":[1969,2005],"tags":[8703,10946,14737],"class_list":["post-1231095","post","type-post","status-publish","format-standard","has-post-thumbnail","hentry","category-trending","category-seguridad-y-justicia","tag-fiscalia-general-del-estado-de-guerrero-fge","tag-jorge-zuriel-de-los-santos-barrila","tag-policia-ministerial-de-guerrero"],"_links":{"self":[{"href":"https:\/\/www.acapulcopress.com\/index.php\/wp-json\/wp\/v2\/posts\/1231095","targetHints":{"allow":["GET"]}}],"collection":[{"href":"https:\/\/www.acapulcopress.com\/index.php\/wp-json\/wp\/v2\/posts"}],"about":[{"href":"https:\/\/www.acapulcopress.com\/index.php\/wp-json\/wp\/v2\/types\/post"}],"author":[{"embeddable":true,"href":"https:\/\/www.acapulcopress.com\/index.php\/wp-json\/wp\/v2\/users\/2"}],"replies":[{"embeddable":true,"href":"https:\/\/www.acapulcopress.com\/index.php\/wp-json\/wp\/v2\/comments?post=1231095"}],"version-history":[{"count":0,"href":"https:\/\/www.acapulcopress.com\/index.php\/wp-json\/wp\/v2\/posts\/1231095\/revisions"}],"wp:featuredmedia":[{"embeddable":true,"href":"https:\/\/www.acapulcopress.com\/index.php\/wp-json\/"}],"wp:attachment":[{"href":"https:\/\/www.acapulcopress.com\/index.php\/wp-json\/wp\/v2\/media?parent=1231095"}],"wp:term":[{"taxonomy":"category","embeddable":true,"href":"https:\/\/www.acapulcopress.com\/index.php\/wp-json\/wp\/v2\/categories?post=1231095"},{"taxonomy":"post_tag","embeddable":true,"href":"https:\/\/www.acapulcopress.com\/index.php\/wp-json\/wp\/v2\/tags?post=1231095"}],"curies":[{"name":"wp","href":"https:\/\/api.w.org\/{rel}","templated":true}]}}