{"id":1231148,"date":"2021-07-19T19:06:47","date_gmt":"2021-07-20T00:06:47","guid":{"rendered":"https:\/\/www.acapulco.press\/?p=1231148"},"modified":"2021-07-19T19:06:47","modified_gmt":"2021-07-20T00:06:47","slug":"guerrero-entre-los-estados-prioritarios-para-el-gobierno-federal-amlo","status":"publish","type":"post","link":"https:\/\/www.acapulcopress.com\/index.php\/2021\/07\/19\/guerrero-entre-los-estados-prioritarios-para-el-gobierno-federal-amlo\/","title":{"rendered":"Guerrero, entre \u201clos estados prioritarios\u00bb para el Gobierno Federal | AMLO"},"content":{"rendered":"<p style=\"text-align: justify;\">ACAPULCO. * 19 de julio de 2021.<br \/>\n<em>) Gobierno de M\u00e9xico.<\/em><\/p>\n<p style=\"text-align: justify;\">El presidente Andr\u00e9s Manuel L\u00f3pez Obrador encabez\u00f3 en Acapulco la conferencia de prensa matutina y la reuni\u00f3n del Gabinete de Seguridad.<\/p>\n<p style=\"text-align: justify;\"><img loading=\"lazy\" decoding=\"async\" class=\"alignleft size-medium wp-image-1231150\" src=\"https:\/\/www.acapulco.press\/wp-content\/uploads\/2021\/07\/HAF-AMLO-375x250.jpg\" alt=\"\" width=\"375\" height=\"250\" \/>Afirm\u00f3 que Guerrero \u201ces de los estados prioritarios, de los estados que vamos a seguir atendiendo de manera especial porque tiene carencias. Hay mucha poblaci\u00f3n en pobreza y marginaci\u00f3n, por eso se est\u00e1 haciendo una inversi\u00f3n p\u00fablica federal importante\u201d.<\/p>\n<p style=\"text-align: justify;\">Indic\u00f3 que, adem\u00e1s de Chiapas y Oaxaca, a esta entidad se est\u00e1 dando atenci\u00f3n preferente, m\u00e1s recursos federales y asegur\u00f3 que \u201cvamos a continuar con esta pol\u00edtica\u201d.<\/p>\n<p style=\"text-align: justify;\">El jefe del Ejecutivo resalt\u00f3 que el gobernador H\u00e9ctor Astudillo Flores asisti\u00f3 a 256 reuniones de seguridad y solo en 38 ocasiones fue representado por otros funcionarios.<\/p>\n<p style=\"text-align: justify;\">\u201cAgradezco mucho al gobernador H\u00e9ctor Astudillo y a los gobernadores, a la gobernadora de Sonora y a la jefa de Gobierno de la Ciudad de M\u00e9xico porque han estado participando. Es una labor conjunta porque as\u00ed lo ameritan las circunstancias. Esto es lo que la gente quiere, que haya paz, que haya tranquilidad\u201d, enfatiz\u00f3.<\/p>\n<p style=\"text-align: justify;\">Como resultado del trabajo coordinado, la incidencia delictiva en Guerrero registra un descenso, particularmente en homicidios dolosos. As\u00ed lo informaron el gobernador H\u00e9ctor Astudillo Flores y el secretario de Marina, Jos\u00e9 Rafael Ojeda Dur\u00e1n.<\/p>\n<p style=\"text-align: justify;\">\u201cLos indicadores delictivos han ido a la baja, especialmente el caso del homicidio, que de estar en primer lugar en algunos a\u00f1os, hoy estamos en el noveno, en ocasiones en el d\u00e9cimo. El tema del feminicidio, que estuvimos en primer lugar, hoy andamos en el lugar n\u00famero 27. (\u2026) El secuestro, tambi\u00e9n a la baja\u201d, acot\u00f3 el mandatario estatal.<\/p>\n<p style=\"text-align: justify;\">El secretario de Marina expuso que en la entidad hay mil 969 elementos de la Secretar\u00eda de Marina, 7 mil 31 de la Secretar\u00eda de la Defensa Nacional, 3 mil 83 de la Guardia Nacional y 4 mil 203 de la Polic\u00eda Estatal.<\/p>\n<p style=\"text-align: justify;\">Existe una coordinaci\u00f3n estatal, ocho coordinaciones regionales y una denominada Batall\u00f3n de Seguridad en Carreteras e Instalaciones. Asimismo, cuatro cuarteles de la Guardia Nacional concluidos, tres en construcci\u00f3n y dos en proyecto.<\/p>\n<p style=\"text-align: justify;\">Respecto al Banco del Bienestar, el secretario indic\u00f3 que se encuentran concluidos 42, 16 en construcci\u00f3n y 142 en proyecto.<\/p>\n<p style=\"text-align: justify;\">Acompa\u00f1aron al presidente, las secretarias de Gobernaci\u00f3n, Olga S\u00e1nchez Cordero y de Seguridad y Protecci\u00f3n Ciudadana, Rosa Icela Rodr\u00edguez Vel\u00e1zquez; los secretarios de la Defensa Nacional, Luis Cresencio Sandoval Gonz\u00e1lez; de Bienestar, Javier May Rodr\u00edguez y el secretario t\u00e9cnico del Gabinete de Presidencia, Carlos Torres Rosas.<\/p>\n<p style=\"text-align: justify;\">Adem\u00e1s el comandante de la Guardia Nacional, Luis Rodr\u00edguez Bucio; la subsecretaria de Egresos de la Secretar\u00eda de Hacienda y Cr\u00e9dito P\u00fablico (SHCP), Victoria Rodriguez Ceja; la subsecretaria de Bienestar, Ariadna Montiel Reyes; la subprocuradora de Servicios y encargada de despacho de la Procuradur\u00eda Federal del Consumidor (Profeco), Surit Berenice Romero Dom\u00ednguez y la presidenta municipal de Acapulco de Ju\u00e1rez, Adela Rom\u00e1n Ocampo.<\/p>\n","protected":false},"excerpt":{"rendered":"<p>ACAPULCO. * 19 de julio de 2021. ) Gobierno de M\u00e9xico. El presidente Andr\u00e9s Manuel L\u00f3pez Obrador encabez\u00f3 en Acapulco la conferencia de prensa matutina y la reuni\u00f3n del Gabinete de Seguridad. Afirm\u00f3 que Guerrero \u201ces de los estados prioritarios, de los estados que vamos a seguir atendiendo de manera especial porque tiene carencias. Hay&#8230;<\/p>\n","protected":false},"author":2,"featured_media":1231149,"comment_status":"closed","ping_status":"closed","sticky":false,"template":"","format":"standard","meta":{"footnotes":""},"categories":[1972],"tags":[3896,9705],"class_list":["post-1231148","post","type-post","status-publish","format-standard","has-post-thumbnail","hentry","category-special","tag-andres-manuel-lopez-obrador","tag-hector-astudillo-flores"],"_links":{"self":[{"href":"https:\/\/www.acapulcopress.com\/index.php\/wp-json\/wp\/v2\/posts\/1231148","targetHints":{"allow":["GET"]}}],"collection":[{"href":"https:\/\/www.acapulcopress.com\/index.php\/wp-json\/wp\/v2\/posts"}],"about":[{"href":"https:\/\/www.acapulcopress.com\/index.php\/wp-json\/wp\/v2\/types\/post"}],"author":[{"embeddable":true,"href":"https:\/\/www.acapulcopress.com\/index.php\/wp-json\/wp\/v2\/users\/2"}],"replies":[{"embeddable":true,"href":"https:\/\/www.acapulcopress.com\/index.php\/wp-json\/wp\/v2\/comments?post=1231148"}],"version-history":[{"count":0,"href":"https:\/\/www.acapulcopress.com\/index.php\/wp-json\/wp\/v2\/posts\/1231148\/revisions"}],"wp:featuredmedia":[{"embeddable":true,"href":"https:\/\/www.acapulcopress.com\/index.php\/wp-json\/"}],"wp:attachment":[{"href":"https:\/\/www.acapulcopress.com\/index.php\/wp-json\/wp\/v2\/media?parent=1231148"}],"wp:term":[{"taxonomy":"category","embeddable":true,"href":"https:\/\/www.acapulcopress.com\/index.php\/wp-json\/wp\/v2\/categories?post=1231148"},{"taxonomy":"post_tag","embeddable":true,"href":"https:\/\/www.acapulcopress.com\/index.php\/wp-json\/wp\/v2\/tags?post=1231148"}],"curies":[{"name":"wp","href":"https:\/\/api.w.org\/{rel}","templated":true}]}}