{"id":1231162,"date":"2021-07-19T20:45:52","date_gmt":"2021-07-20T01:45:52","guid":{"rendered":"https:\/\/www.acapulco.press\/?p=1231162"},"modified":"2021-07-19T20:45:52","modified_gmt":"2021-07-20T01:45:52","slug":"el-gandalla-de-alfredo-sanchez-esquivel","status":"publish","type":"post","link":"https:\/\/www.acapulcopress.com\/index.php\/2021\/07\/19\/el-gandalla-de-alfredo-sanchez-esquivel\/","title":{"rendered":"El &#8216;Gandalla&#8217; de Alfredo S\u00e1nchez Esquivel"},"content":{"rendered":"<p style=\"text-align: justify;\">Tercera V\u00eda<br \/>\n] <strong>Ernesto Rivera Rodr\u00edguez<\/strong><\/p>\n<p style=\"text-align: justify;\">Morena no acaba de revolcarse en el lodo, meses tiene en ello y por momentos parece ahogarse en sus propias miasmas y hoy el diputado Alfredo S\u00e1nchez Esquivel,\u00a0apoyado por el Secretario de Asuntos Ind\u00edgenas del Estado, Javier Rojas Benito, por el presidente del IEPC Nazarin Vargas y la propia presidencia estatal de Morena, Marcial Rodr\u00edguez Salda\u00f1a, lo hacen pasar por \u00abind\u00edgena\u00bb y robarle, porque eso fue lo que hizo, agandallarle ese espacio de g\u00e9nero a Jesenia Hern\u00e1ndez Jacinto.<\/p>\n<p style=\"text-align: justify;\">\u00a0\u00c9l asunto ha da\u00f1ado directamente al Congreso del Estado cuyos legisladores -los de Morena- hasta este momento han guardado un silencio perverso y con ello admitir y apoyar la actitud \u00abGandalla\u00bb del diputado y presidente de la Jucopo Alfredo S\u00e1nchez Esquivel, quien a toda costa busco reelegirse al violentar los derechos de la insaculaci\u00f3n de la candidata ind\u00edgena plurinominal Yesenia Hern\u00e1ndez Jacinto.<\/p>\n<p style=\"text-align: justify;\">Por qu\u00e9 instituciones como el IEPC, la Secretaria de Asuntos Ind\u00edgenas del Estado, y Morena se prestaron para ello. Se tendr\u00eda que preguntar si realmente el diputado S\u00e1nchez Esquivel vela por los intereses de los pueblos vind\u00edgenas, o por los intereses de grupo al que pertenece y a sus pr\u00f3speros negocios, por el hecho de auto inscribirse ya que hasta hoy nada a hecho por ellos<\/p>\n<p style=\"text-align: justify;\">Para la agraviada existen dos instituciones que deben aclarar el caso: primero su partido, Morena, la dirigencia del mismo en Guerrero y en segundo lugar el IEPC. Que bajo sus propias palabras es claro que hay alguien poderoso tras esta sucia situaci\u00f3n: \u00abSinceramente creo que no deben pedirle reclamo ni aclaraci\u00f3n a Esquivel, sino deben ir tras las personas que soltaron la correa del perro, no al perro. Esto en sentido ret\u00f3rico.\u00bb<\/p>\n","protected":false},"excerpt":{"rendered":"<p>Tercera V\u00eda ] Ernesto Rivera Rodr\u00edguez Morena no acaba de revolcarse en el lodo, meses tiene en ello y por momentos parece ahogarse en sus propias miasmas y hoy el diputado Alfredo S\u00e1nchez Esquivel,\u00a0apoyado por el Secretario de Asuntos Ind\u00edgenas del Estado, Javier Rojas Benito, por el presidente del IEPC Nazarin Vargas y la propia&#8230;<\/p>\n","protected":false},"author":2,"featured_media":1231163,"comment_status":"closed","ping_status":"closed","sticky":false,"template":"","format":"standard","meta":{"footnotes":""},"categories":[2071,1991],"tags":[3660,8063,10638,12457,13297,13586,17071],"class_list":["post-1231162","post","type-post","status-publish","format-standard","has-post-thumbnail","hentry","category-opinion-analisis-columnas","category-libertad-de-expresion","tag-alfredo-sanchez-esquivel","tag-ernesto-rivera-rodriguez","tag-javier-rojas-benito","tag-marcial-rodriguez-saldana","tag-morena","tag-nazarin-vargas-armenta","tag-tercera-via"],"_links":{"self":[{"href":"https:\/\/www.acapulcopress.com\/index.php\/wp-json\/wp\/v2\/posts\/1231162","targetHints":{"allow":["GET"]}}],"collection":[{"href":"https:\/\/www.acapulcopress.com\/index.php\/wp-json\/wp\/v2\/posts"}],"about":[{"href":"https:\/\/www.acapulcopress.com\/index.php\/wp-json\/wp\/v2\/types\/post"}],"author":[{"embeddable":true,"href":"https:\/\/www.acapulcopress.com\/index.php\/wp-json\/wp\/v2\/users\/2"}],"replies":[{"embeddable":true,"href":"https:\/\/www.acapulcopress.com\/index.php\/wp-json\/wp\/v2\/comments?post=1231162"}],"version-history":[{"count":0,"href":"https:\/\/www.acapulcopress.com\/index.php\/wp-json\/wp\/v2\/posts\/1231162\/revisions"}],"wp:featuredmedia":[{"embeddable":true,"href":"https:\/\/www.acapulcopress.com\/index.php\/wp-json\/"}],"wp:attachment":[{"href":"https:\/\/www.acapulcopress.com\/index.php\/wp-json\/wp\/v2\/media?parent=1231162"}],"wp:term":[{"taxonomy":"category","embeddable":true,"href":"https:\/\/www.acapulcopress.com\/index.php\/wp-json\/wp\/v2\/categories?post=1231162"},{"taxonomy":"post_tag","embeddable":true,"href":"https:\/\/www.acapulcopress.com\/index.php\/wp-json\/wp\/v2\/tags?post=1231162"}],"curies":[{"name":"wp","href":"https:\/\/api.w.org\/{rel}","templated":true}]}}