{"id":1231168,"date":"2021-07-19T21:17:36","date_gmt":"2021-07-20T02:17:36","guid":{"rendered":"https:\/\/www.acapulco.press\/?p=1231168"},"modified":"2021-07-19T21:17:36","modified_gmt":"2021-07-20T02:17:36","slug":"asesinan-en-michoacan-al-periodista-abraham-mendoza","status":"publish","type":"post","link":"https:\/\/www.acapulcopress.com\/index.php\/2021\/07\/19\/asesinan-en-michoacan-al-periodista-abraham-mendoza\/","title":{"rendered":"Asesinan en Michoac\u00e1n al periodista Abraham Mendoza"},"content":{"rendered":"<p style=\"text-align: justify;\">MORELIA. * 19 de julio de 2021.<br \/>\n<em>) <a href=\"https:\/\/www.elsoldemexico.com.mx\/republica\/sociedad\/asesinan-al-periodista-abraham-mendoza-en-morelia-6981480.html\" target=\"_blank\" rel=\"noopener\">OEM<\/a>\/Efe.<\/em><\/p>\n<p style=\"text-align: justify;\">La Fiscal\u00eda General del Estado de Michoac\u00e1n (FGE) confirm\u00f3 el homicidio del periodista Abraham Mendoza, la tarde de este lunes en la capital michoacana.<\/p>\n<p style=\"text-align: justify;\">De acuerdo con las autoridades, los hechos ocurrieron alrededor de las 13:50 horas en las inmediaciones de la colonia Gertrudis Bocanegra, en la avenida Madero Poniente, frente al n\u00famero 1581.<\/p>\n<p style=\"text-align: justify;\">Tras el reporte, las autoridades implementaron un operativo para dar con los presuntos responsables. Sobre la calzada La Huerta, detuvieron un autom\u00f3vil compacto en la que viajaban tres hombres, que presumiblemente participaron en el homicidio.<\/p>\n<p style=\"text-align: justify;\">Por ello se inici\u00f3 con la carpeta de investigaci\u00f3n, ya que los presuntos responsables ten\u00edan en su poder tres armas de fuego.<\/p>\n<p style=\"text-align: justify;\">Los detenidos fueron puestos a disposici\u00f3n de la Unidad Especializada en la Investigaci\u00f3n del Homicidio Doloso, donde se llevan a cabo las investigaciones pertinentes para esclarecer los hechos.<\/p>\n<p style=\"text-align: justify;\"><strong>Trayectoria de Abraham Mendoza<\/strong><\/p>\n<p style=\"text-align: justify;\">Abraham Mendoza Mendoza era licenciado en Ciencias de la Comunicaci\u00f3n por la Universidad Vasco de Quiroga (Uvaq) en el 2001; del 2008 al 2009 estudi\u00f3 un Master en Comunicaci\u00f3n Pol\u00edtica en la Fundaci\u00f3n Ortega y Gasset.<\/p>\n<p style=\"text-align: justify;\">Durante dos a\u00f1os fue conductor titular de Central TV AM, trabaj\u00f3 para Grupo Acir como Jefe de Noticias y Corresponsal Nacional, teniendo en cuenta la titularidad en el programa Panorama Informativo Michoac\u00e1n.<\/p>\n<p style=\"text-align: justify;\">Labor\u00f3 \u200b\u200ben la emisora \u200b\u200bExa FM Morelia teniendo a su cargo la Revista Informativa hasta el 2013, cuando pas\u00f3 a ser jefe de informaci\u00f3n, productor y conductor titular del programa de noticias de Voces Radio.<\/p>\n<p style=\"text-align: justify;\">\u201cUna afortunada combinaci\u00f3n entre periodista, cr\u00edtico y activista social, mercad\u00f3logo por gusto, catedr\u00e1tico por reforzamiento y riesgo propio, experto en comunicaci\u00f3n pol\u00edtica por combinaci\u00f3n l\u00f3gica y formaci\u00f3n acad\u00e9mica, inevitable usuario y conocedor de nuevos medios y formas alternativas de comunicaci\u00f3n\u201d, as\u00ed de describ\u00eda Abraham Mendoza.<\/p>\n<p style=\"text-align: justify;\"><strong>M\u00e9xico, uno de los pa\u00edses m\u00e1s violentos para periodistas<\/strong><\/p>\n<p style=\"text-align: justify;\">M\u00e9xico es uno de los pa\u00edses del mundo m\u00e1s violentos para el gremio period\u00edstico y cada a\u00f1o se registran numerosos asesinatos, agresiones e intimidaciones contra la prensa por parte del crimen organizado y de autoridades.<\/p>\n<p style=\"text-align: justify;\">La semana pasada la Secretar\u00eda de Gobernaci\u00f3n afirm\u00f3 que seg\u00fan cifras del Mecanismo de Protecci\u00f3n para Personas Defensoras de Derechos Humanos y Periodistas, desde diciembre de 2018 a la fecha, han asesinado a 43 periodistas.<\/p>\n<p style=\"text-align: justify;\">Seg\u00fan la organizaci\u00f3n Art\u00edculo 19, al menos 139 periodistas han sido asesinados en M\u00e9xico desde el a\u00f1o 2000 por sus tareas informativas.<\/p>\n<p style=\"text-align: justify;\">Del total, 20 de ellos, si se suma el crimen de este lunes en Michoac\u00e1n, se han producido durante la Administraci\u00f3n del presidente Andr\u00e9s Manuel L\u00f3pez Obrador, quien asumi\u00f3 el cargo en diciembre de 2018.<\/p>\n","protected":false},"excerpt":{"rendered":"<p>MORELIA. * 19 de julio de 2021. ) OEM\/Efe. La Fiscal\u00eda General del Estado de Michoac\u00e1n (FGE) confirm\u00f3 el homicidio del periodista Abraham Mendoza, la tarde de este lunes en la capital michoacana. De acuerdo con las autoridades, los hechos ocurrieron alrededor de las 13:50 horas en las inmediaciones de la colonia Gertrudis Bocanegra, en&#8230;<\/p>\n","protected":false},"author":2,"featured_media":1231169,"comment_status":"closed","ping_status":"closed","sticky":false,"template":"","format":"standard","meta":{"footnotes":""},"categories":[1969,2005],"tags":[3103],"class_list":["post-1231168","post","type-post","status-publish","format-standard","has-post-thumbnail","hentry","category-trending","category-seguridad-y-justicia","tag-abraham-mendoza-mendoza"],"_links":{"self":[{"href":"https:\/\/www.acapulcopress.com\/index.php\/wp-json\/wp\/v2\/posts\/1231168","targetHints":{"allow":["GET"]}}],"collection":[{"href":"https:\/\/www.acapulcopress.com\/index.php\/wp-json\/wp\/v2\/posts"}],"about":[{"href":"https:\/\/www.acapulcopress.com\/index.php\/wp-json\/wp\/v2\/types\/post"}],"author":[{"embeddable":true,"href":"https:\/\/www.acapulcopress.com\/index.php\/wp-json\/wp\/v2\/users\/2"}],"replies":[{"embeddable":true,"href":"https:\/\/www.acapulcopress.com\/index.php\/wp-json\/wp\/v2\/comments?post=1231168"}],"version-history":[{"count":0,"href":"https:\/\/www.acapulcopress.com\/index.php\/wp-json\/wp\/v2\/posts\/1231168\/revisions"}],"wp:featuredmedia":[{"embeddable":true,"href":"https:\/\/www.acapulcopress.com\/index.php\/wp-json\/"}],"wp:attachment":[{"href":"https:\/\/www.acapulcopress.com\/index.php\/wp-json\/wp\/v2\/media?parent=1231168"}],"wp:term":[{"taxonomy":"category","embeddable":true,"href":"https:\/\/www.acapulcopress.com\/index.php\/wp-json\/wp\/v2\/categories?post=1231168"},{"taxonomy":"post_tag","embeddable":true,"href":"https:\/\/www.acapulcopress.com\/index.php\/wp-json\/wp\/v2\/tags?post=1231168"}],"curies":[{"name":"wp","href":"https:\/\/api.w.org\/{rel}","templated":true}]}}