{"id":1231186,"date":"2021-07-20T00:24:34","date_gmt":"2021-07-20T05:24:34","guid":{"rendered":"https:\/\/www.acapulco.press\/?p=1231186"},"modified":"2021-07-20T00:24:34","modified_gmt":"2021-07-20T05:24:34","slug":"anuncia-prd-freno-a-reformas-de-amlo","status":"publish","type":"post","link":"https:\/\/www.acapulcopress.com\/index.php\/2021\/07\/20\/anuncia-prd-freno-a-reformas-de-amlo\/","title":{"rendered":"Anuncia PRD freno a reformas de AMLO"},"content":{"rendered":"<p style=\"text-align: justify;\">* El PRD, junto con la coalici\u00f3n legislativa, frenaremos todo lo que atente contra las y los mexicanos<br \/>\n<strong>* Vamos a defender la democracia, vamos a velar por los intereses del pueblo mexicano\u00a0<\/strong><\/p>\n<p>CIUDAD DE M\u00c9XICO. * 19 de julio de 2021.<br \/>\n<em>) Comunicado.<\/em><\/p>\n<p>El Presidente Nacional del Partido de la Revoluci\u00f3n Democr\u00e1tica (PRD), Jes\u00fas Zambrano Grijalva, sentenci\u00f3 que, ante la insistencia en las pretensiones del titular del Ejecutivo Federal de modificar la Constituci\u00f3n en materia energ\u00e9tica, de seguridad y electoral, la coalici\u00f3n legislativa <em>Va por M\u00e9xico<\/em> no permitir\u00e1 que ninguna reforma da\u00f1e a las y los mexicanos. Al contrario, el PRD en el Congreso de la Uni\u00f3n defender\u00e1 los derechos de la ciudadan\u00eda y la democracia en el pa\u00eds.<\/p>\n<p style=\"text-align: justify;\">\u201cEs una irresponsabilidad y una actitud acorde con sus pretensiones dictatoriales que, sabiendo que la poblaci\u00f3n est\u00e1 padeciendo una violencia desmedida en el pa\u00eds, la falta de medicamentos, empleo, salarios dignos y violencia en contra de las mujeres, Andr\u00e9s Manuel L\u00f3pez Obrador centre su atenci\u00f3n en impulsar estas reformas constitucionales\u201d, expres\u00f3.<\/p>\n<p style=\"text-align: justify;\">Respecto a la reforma energ\u00e9tica con la que se pretende garantizar el control absoluto a la CFE, se\u00f1al\u00f3 que es un anacronismo que solo traer\u00e1 m\u00e1s corrupci\u00f3n, as\u00ed como el abandono de la inversi\u00f3n en energ\u00edas limpias, no contaminantes y un atentado contra la capacidad de producci\u00f3n y la competitividad de las empresas, lo cual tambi\u00e9n provocar\u00eda un incremento excesivo en el costo de la luz, afectando a los m\u00e1s vulnerables, a la vez que menos generaci\u00f3n de empleos. \u201cPor eso lo decimos claro: no van a pasar, las vamos a frenar\u201d, asegur\u00f3.<\/p>\n<p style=\"text-align: justify;\">En relaci\u00f3n con el anuncio que hace meses hizo el presidente de la Rep\u00fablica y que hoy reiter\u00f3 sobre adscribir la Guardia Nacional a la Sedena, Zambrano Grijalva insisti\u00f3 en que lo que urge es el cambio de estrategia, no de andar moviendo a los elementos de una dependencia a otra y mucho menos adscribirla a la Sedena, con lo que se militarizar\u00edan de lleno las funciones policiales. \u201cQue ya abandone la estrategia y el discurso de los abrazos y no balazos; a las bandas delincuenciales hay que combatirlas, no consecuentarlas como ocurri\u00f3 en las elecciones en Michoac\u00e1n y varios estados de la Rep\u00fablica, donde ahora los criminales humillan a las fuerzas armadas. Con esa estrategia, la Guardia Nacional es un ente inservible\u00bb.<\/p>\n<p style=\"text-align: justify;\">Finalmente, en relaci\u00f3n con un reforma en materia electoral, el Presidente Nacional del PRD le record\u00f3 que los m\u00e1s tramposos y \u201cmapaches\u201d de esta elecci\u00f3n fueron de su partido: \u201c\u00bfo ya se les olvid\u00f3 que Morena us\u00f3 la vacuna y programas sociales con fines electorales al trav\u00e9s de su ej\u00e9rcito electoral de los mal llamados Servidores de la Naci\u00f3n , y que rebasaron topes de gasto de campa\u00f1a? Querer eliminar al INE bajo el argumento de que es muy costoso en realidad encubre la intenci\u00f3n de someterlo al gobierno, quitarle su autonom\u00eda, y regresar a los tiempos del control de las elecciones desde la Secretar\u00eda de Gobernaci\u00f3n. El presidente L\u00f3pez Obrador solo busca que su ej\u00e9rcito electoral siga actuando con impunidad -por cierto, \u00bfcu\u00e1nto cuesta la estructura de los \u201cservidores de la naci\u00f3n\u201d? -. De ah\u00ed al paso a una dictadura ya no hay distancia. No lo vamos a permitir\u00bb.<\/p>\n","protected":false},"excerpt":{"rendered":"<p>* El PRD, junto con la coalici\u00f3n legislativa, frenaremos todo lo que atente contra las y los mexicanos * Vamos a defender la democracia, vamos a velar por los intereses del pueblo mexicano\u00a0 CIUDAD DE M\u00c9XICO. * 19 de julio de 2021. ) Comunicado. El Presidente Nacional del Partido de la Revoluci\u00f3n Democr\u00e1tica (PRD), Jes\u00fas&#8230;<\/p>\n","protected":false},"author":2,"featured_media":1231187,"comment_status":"closed","ping_status":"closed","sticky":false,"template":"","format":"standard","meta":{"footnotes":""},"categories":[1972,1997],"tags":[3793,10764,14277,15399],"class_list":["post-1231186","post","type-post","status-publish","format-standard","has-post-thumbnail","hentry","category-special","category-noticias-destacadas","tag-amlo","tag-jesus-zambrano-grijalva","tag-partido-de-la-revolucion-democratica-prd","tag-reformas-constitucionales"],"_links":{"self":[{"href":"https:\/\/www.acapulcopress.com\/index.php\/wp-json\/wp\/v2\/posts\/1231186","targetHints":{"allow":["GET"]}}],"collection":[{"href":"https:\/\/www.acapulcopress.com\/index.php\/wp-json\/wp\/v2\/posts"}],"about":[{"href":"https:\/\/www.acapulcopress.com\/index.php\/wp-json\/wp\/v2\/types\/post"}],"author":[{"embeddable":true,"href":"https:\/\/www.acapulcopress.com\/index.php\/wp-json\/wp\/v2\/users\/2"}],"replies":[{"embeddable":true,"href":"https:\/\/www.acapulcopress.com\/index.php\/wp-json\/wp\/v2\/comments?post=1231186"}],"version-history":[{"count":0,"href":"https:\/\/www.acapulcopress.com\/index.php\/wp-json\/wp\/v2\/posts\/1231186\/revisions"}],"wp:featuredmedia":[{"embeddable":true,"href":"https:\/\/www.acapulcopress.com\/index.php\/wp-json\/"}],"wp:attachment":[{"href":"https:\/\/www.acapulcopress.com\/index.php\/wp-json\/wp\/v2\/media?parent=1231186"}],"wp:term":[{"taxonomy":"category","embeddable":true,"href":"https:\/\/www.acapulcopress.com\/index.php\/wp-json\/wp\/v2\/categories?post=1231186"},{"taxonomy":"post_tag","embeddable":true,"href":"https:\/\/www.acapulcopress.com\/index.php\/wp-json\/wp\/v2\/tags?post=1231186"}],"curies":[{"name":"wp","href":"https:\/\/api.w.org\/{rel}","templated":true}]}}