{"id":1231194,"date":"2021-07-20T20:34:15","date_gmt":"2021-07-21T01:34:15","guid":{"rendered":"https:\/\/www.acapulco.press\/?p=1231194"},"modified":"2021-07-20T20:34:15","modified_gmt":"2021-07-21T01:34:15","slug":"ratifica-tee-triunfo-de-evelyn-salgado","status":"publish","type":"post","link":"https:\/\/www.acapulcopress.com\/index.php\/2021\/07\/20\/ratifica-tee-triunfo-de-evelyn-salgado\/","title":{"rendered":"Ratifica TEE triunfo de Evelyn Salgado"},"content":{"rendered":"<p style=\"text-align: justify;\">\u00bb \u00c1ngel | <strong>Blanco<\/strong><br \/>\nCHILPANCINGO, Gro. * 20 de julio de 2021.<br \/>\n<em>] TEEGro \/ Especial<\/em><\/p>\n<p style=\"text-align: justify;\">Por unanimidad, el Tribunal Electoral del Estado rechaz\u00f3 las impugnaciones del PRI y PRD contra los resultados de la elecci\u00f3n del pasado 6 de junio y ratific\u00f3 el triunfo de Evelyn Salgado como Gobernadora electa del Estado de Guerrero.<\/p>\n<p style=\"text-align: justify;\">Seg\u00fan los magistrados del Tribunal electoral estatal, los argumentos que presentaron PRI y PRD, partidos pol\u00edticos que impulsaron la candidatura de Mario Moreno Arcos como candidato al gobierno de Guerrero, no fueron suficientes para acreditar las acusaciones contra el Presidente de la Rep\u00fablica, Andr\u00e9s Manuel L\u00f3pez Obrador, a quien se\u00f1alaron de haber violentado el principio de neutralidad y equidad al realizar promociones pol\u00edticas a favor de Morena desde las conferencias matutinas realizadas desde Palacio Nacional.<\/p>\n<p style=\"text-align: justify;\">Asimismo, PRI y PRD argumentaron que la candidata de Morena, Evelyn Salgado, no cumpli\u00f3 el requisito de elegibilidad como candidata por no haber participado en el proceso interno de Morena para elegir a su candidato a gobernador de Guerrero.<\/p>\n<p style=\"text-align: justify;\">El tribunal tambi\u00e9n consider\u00f3 infundadas las acusaciones contra Andr\u00e9s Nieto Cuevas, delegado regional de los programas integrales del gobierno federal en Tierra Caliente, a quien se se\u00f1al\u00f3 de inducir el voto a favor de Morena, por lo que con esta resoluci\u00f3n se ratifica a Evelyn Cecia Salgado Pineda como Gobernadora electa de Guerrero.<\/p>\n","protected":false},"excerpt":{"rendered":"<p>\u00bb \u00c1ngel | Blanco CHILPANCINGO, Gro. * 20 de julio de 2021. ] TEEGro \/ Especial Por unanimidad, el Tribunal Electoral del Estado rechaz\u00f3 las impugnaciones del PRI y PRD contra los resultados de la elecci\u00f3n del pasado 6 de junio y ratific\u00f3 el triunfo de Evelyn Salgado como Gobernadora electa del Estado de Guerrero&#8230;.<\/p>\n","protected":false},"author":2,"featured_media":1231195,"comment_status":"closed","ping_status":"closed","sticky":false,"template":"","format":"standard","meta":{"footnotes":""},"categories":[1997],"tags":[],"class_list":["post-1231194","post","type-post","status-publish","format-standard","has-post-thumbnail","hentry","category-noticias-destacadas"],"_links":{"self":[{"href":"https:\/\/www.acapulcopress.com\/index.php\/wp-json\/wp\/v2\/posts\/1231194","targetHints":{"allow":["GET"]}}],"collection":[{"href":"https:\/\/www.acapulcopress.com\/index.php\/wp-json\/wp\/v2\/posts"}],"about":[{"href":"https:\/\/www.acapulcopress.com\/index.php\/wp-json\/wp\/v2\/types\/post"}],"author":[{"embeddable":true,"href":"https:\/\/www.acapulcopress.com\/index.php\/wp-json\/wp\/v2\/users\/2"}],"replies":[{"embeddable":true,"href":"https:\/\/www.acapulcopress.com\/index.php\/wp-json\/wp\/v2\/comments?post=1231194"}],"version-history":[{"count":0,"href":"https:\/\/www.acapulcopress.com\/index.php\/wp-json\/wp\/v2\/posts\/1231194\/revisions"}],"wp:featuredmedia":[{"embeddable":true,"href":"https:\/\/www.acapulcopress.com\/index.php\/wp-json\/"}],"wp:attachment":[{"href":"https:\/\/www.acapulcopress.com\/index.php\/wp-json\/wp\/v2\/media?parent=1231194"}],"wp:term":[{"taxonomy":"category","embeddable":true,"href":"https:\/\/www.acapulcopress.com\/index.php\/wp-json\/wp\/v2\/categories?post=1231194"},{"taxonomy":"post_tag","embeddable":true,"href":"https:\/\/www.acapulcopress.com\/index.php\/wp-json\/wp\/v2\/tags?post=1231194"}],"curies":[{"name":"wp","href":"https:\/\/api.w.org\/{rel}","templated":true}]}}