{"id":1231205,"date":"2021-07-21T07:24:15","date_gmt":"2021-07-21T12:24:15","guid":{"rendered":"https:\/\/www.acapulco.press\/?p=1231205"},"modified":"2021-07-21T07:24:15","modified_gmt":"2021-07-21T12:24:15","slug":"investiga-fge-homicidio-de-transportista-en-iguala","status":"publish","type":"post","link":"https:\/\/www.acapulcopress.com\/index.php\/2021\/07\/21\/investiga-fge-homicidio-de-transportista-en-iguala\/","title":{"rendered":"Investiga FGE homicidio de transportista en Iguala"},"content":{"rendered":"<p style=\"text-align: justify;\">CHILPANCINGO. * 20 de julio de 2021.<br \/>\n<em>) <a href=\"https:\/\/fiscaliaguerrero.gob.mx\" target=\"_blank\" rel=\"noopener\">https:\/\/fiscaliaguerrero.gob.mx<\/a>.<\/em><\/p>\n<p style=\"text-align: justify;\">La Fiscali\u0301a General del Estado inicio\u0301 la investigacio\u0301n por el delito de homicidio por arma de fuego en agravio de Roberto \u00abN\u00bb, quien se desempen\u0303ara como li\u0301der transportista en la ciudad de Iguala de la Independencia.<\/p>\n<p style=\"text-align: justify;\">Se informo\u0301 a trave\u0301s de C-4 el reporte referente a una persona del sexo masculino que habi\u0301a sido privada de la vida, encontra\u0301ndose en el interior de las oficinas de Transporte, en la calle Matamoros, de Iguala.<\/p>\n<p style=\"text-align: justify;\">Al lugar llegaron elementos de la Polici\u0301a Investigadora Ministerial y peritos de Servicios Periciales para realizar las diligencias correspondientes, siendo trasladado el cuerpo al Servicio Me\u0301dico Forense.<\/p>\n<p style=\"text-align: justify;\">Cabe mencionar que derivado de este hecho delictivo, el Fiscal General, Jorge Zuriel de los Santos Barrila, acudi\u00f3 al municipio de Iguala para atender de manera personal y dar puntual seguimiento a la investigaci\u00f3n en curso y ubicar a \u00e9l o los probables responsables de este delito.<\/p>\n","protected":false},"excerpt":{"rendered":"<p>CHILPANCINGO. * 20 de julio de 2021. ) https:\/\/fiscaliaguerrero.gob.mx. La Fiscali\u0301a General del Estado inicio\u0301 la investigacio\u0301n por el delito de homicidio por arma de fuego en agravio de Roberto \u00abN\u00bb, quien se desempen\u0303ara como li\u0301der transportista en la ciudad de Iguala de la Independencia. Se informo\u0301 a trave\u0301s de C-4 el reporte referente a&#8230;<\/p>\n","protected":false},"author":2,"featured_media":1178550,"comment_status":"closed","ping_status":"closed","sticky":false,"template":"","format":"standard","meta":{"footnotes":""},"categories":[1969,2005],"tags":[8703,10946,14737],"class_list":["post-1231205","post","type-post","status-publish","format-standard","has-post-thumbnail","hentry","category-trending","category-seguridad-y-justicia","tag-fiscalia-general-del-estado-de-guerrero-fge","tag-jorge-zuriel-de-los-santos-barrila","tag-policia-ministerial-de-guerrero"],"_links":{"self":[{"href":"https:\/\/www.acapulcopress.com\/index.php\/wp-json\/wp\/v2\/posts\/1231205","targetHints":{"allow":["GET"]}}],"collection":[{"href":"https:\/\/www.acapulcopress.com\/index.php\/wp-json\/wp\/v2\/posts"}],"about":[{"href":"https:\/\/www.acapulcopress.com\/index.php\/wp-json\/wp\/v2\/types\/post"}],"author":[{"embeddable":true,"href":"https:\/\/www.acapulcopress.com\/index.php\/wp-json\/wp\/v2\/users\/2"}],"replies":[{"embeddable":true,"href":"https:\/\/www.acapulcopress.com\/index.php\/wp-json\/wp\/v2\/comments?post=1231205"}],"version-history":[{"count":0,"href":"https:\/\/www.acapulcopress.com\/index.php\/wp-json\/wp\/v2\/posts\/1231205\/revisions"}],"wp:featuredmedia":[{"embeddable":true,"href":"https:\/\/www.acapulcopress.com\/index.php\/wp-json\/"}],"wp:attachment":[{"href":"https:\/\/www.acapulcopress.com\/index.php\/wp-json\/wp\/v2\/media?parent=1231205"}],"wp:term":[{"taxonomy":"category","embeddable":true,"href":"https:\/\/www.acapulcopress.com\/index.php\/wp-json\/wp\/v2\/categories?post=1231205"},{"taxonomy":"post_tag","embeddable":true,"href":"https:\/\/www.acapulcopress.com\/index.php\/wp-json\/wp\/v2\/tags?post=1231205"}],"curies":[{"name":"wp","href":"https:\/\/api.w.org\/{rel}","templated":true}]}}